{"id":27772,"date":"2023-08-23T19:14:02","date_gmt":"2023-08-23T17:14:02","guid":{"rendered":"https:\/\/mondopelle.it\/farbe-fuer-herbst-winter-2023-2024\/"},"modified":"2023-10-09T16:10:40","modified_gmt":"2023-10-09T14:10:40","slug":"farbe-fuer-herbst-winter-2023-2024","status":"publish","type":"post","link":"https:\/\/mondopelle.it\/de\/farbe-fuer-herbst-winter-2023-2024\/","title":{"rendered":"Farbe f\u00fcr Herbst-Winter 2023\/2024"},"content":{"rendered":"\t\t<div data-elementor-type=\"wp-post\" data-elementor-id=\"27772\" class=\"elementor elementor-27772 elementor-21256\" data-elementor-post-type=\"post\">\n\t\t\t\t<div class=\"elementor-element elementor-element-cc0b3f8 e-flex e-con-boxed e-con e-parent\" data-id=\"cc0b3f8\" data-element_type=\"container\" data-e-type=\"container\">\n\t\t\t\t\t<div class=\"e-con-inner\">\n\t\t\t\t<div class=\"elementor-element elementor-element-657c529 elementor-widget elementor-widget-etheme_animated_headline\" data-id=\"657c529\" data-element_type=\"widget\" data-e-type=\"widget\" data-settings=\"{&quot;text_style&quot;:&quot;highlight&quot;,&quot;shape&quot;:&quot;circle&quot;,&quot;loop&quot;:&quot;yes&quot;,&quot;duration&quot;:{&quot;unit&quot;:&quot;px&quot;,&quot;size&quot;:&quot;&quot;,&quot;sizes&quot;:[]}}\" data-widget_type=\"etheme_animated_headline.default\">\n\t\t\t\t<div class=\"elementor-widget-container\">\n\t\t\t\t\t        \n        <div class=\"etheme-headline-wrapper\">\n            <h2 class=\"etheme-headline\" data-style=\"highlight\">\n\t\t                                <span class=\"etheme-headline-text-before\">\n\t                        A\u0441ccessoires in                          <\/span>\n                                    <span class=\"etheme-headline-text-wrapper\">\n                \n\t\t         Lackierung<svg xmlns=\"http:\/\/www.w3.org\/2000\/svg\" viewBox=\"0 0 500 150\" preserveAspectRatio=\"none\"><path d=\"M385.6 48.191C347.6 37.191 298.601 33.0304 250.929 32.1983C115.64 29.8368 5.59529 49.1857 5.13745 75.4152C4.67962 101.645 112.811 117.829 248.1 120.191C383.389 122.552 494.605 110.196 495.063 83.9669C495.063 61.691 416.806 41.878 361.1 32.1983\"><\/path><\/svg>                \n                <\/span>\n                                    <span class=\"etheme-headline-text-after\">\n                        A\/W 2023\/2024                    <\/span>\n                            <\/h2>\n        <\/div>\n        \n\t\t\t\t\t\t<\/div>\n\t\t\t\t<\/div>\n\t\t\t\t\t<\/div>\n\t\t\t\t<\/div>\n\t\t<div class=\"elementor-element elementor-element-c088526 e-flex e-con-boxed e-con e-parent\" data-id=\"c088526\" data-element_type=\"container\" data-e-type=\"container\">\n\t\t\t\t\t<div class=\"e-con-inner\">\n\t\t<div class=\"elementor-element elementor-element-68f6599 e-con-full e-flex e-con e-parent\" data-id=\"68f6599\" data-element_type=\"container\" data-e-type=\"container\">\n\t\t\t\t<div class=\"elementor-element elementor-element-9ab5ef0 elementor-invisible elementor-widget elementor-widget-image\" data-id=\"9ab5ef0\" data-element_type=\"widget\" data-e-type=\"widget\" data-settings=\"{&quot;_animation&quot;:&quot;fadeInLeft&quot;}\" data-widget_type=\"image.default\">\n\t\t\t\t<div class=\"elementor-widget-container\">\n\t\t\t\t\t\t\t\t\t\t\t\t\t\t\t\t<a href=\"https:\/\/mondopelle.it\/shop\/scarpe\/scarpe-it\/decollete-evaluna-5503-vernice\/\">\n\t\t\t\t\t\t\t<img loading=\"lazy\" loading=\"lazy\" decoding=\"async\" width=\"768\" height=\"1024\" src=\"https:\/\/mondopelle.it\/wp-content\/uploads\/2023\/08\/foto-22-08-23-17-04-14-768x1024.jpg\" class=\"attachment-large size-large wp-image-27786\" alt=\"\" srcset=\"https:\/\/mondopelle.it\/wp-content\/uploads\/2023\/08\/foto-22-08-23-17-04-14-768x1024.jpg 768w, https:\/\/mondopelle.it\/wp-content\/uploads\/2023\/08\/foto-22-08-23-17-04-14-225x300.jpg 225w, https:\/\/mondopelle.it\/wp-content\/uploads\/2023\/08\/foto-22-08-23-17-04-14-1152x1536.jpg 1152w, https:\/\/mondopelle.it\/wp-content\/uploads\/2023\/08\/foto-22-08-23-17-04-14-1536x2048.jpg 1536w, https:\/\/mondopelle.it\/wp-content\/uploads\/2023\/08\/foto-22-08-23-17-04-14-600x800.jpg 600w, https:\/\/mondopelle.it\/wp-content\/uploads\/2023\/08\/foto-22-08-23-17-04-14-1x1.jpg 1w, https:\/\/mondopelle.it\/wp-content\/uploads\/2023\/08\/foto-22-08-23-17-04-14-8x10.jpg 8w\" sizes=\"auto, (max-width: 768px) 100vw, 768px\" \/>\t\t\t\t\t\t\t\t<\/a>\n\t\t\t\t\t\t\t\t\t\t\t\t\t\t\t<\/div>\n\t\t\t\t<\/div>\n\t\t\t\t<\/div>\n\t\t<div class=\"elementor-element elementor-element-fe565ca e-con-full e-flex e-con e-parent\" data-id=\"fe565ca\" data-element_type=\"container\" data-e-type=\"container\">\n\t\t\t\t<div class=\"elementor-element elementor-element-a1f4374 elementor-invisible elementor-widget elementor-widget-image\" data-id=\"a1f4374\" data-element_type=\"widget\" data-e-type=\"widget\" data-settings=\"{&quot;_animation&quot;:&quot;fadeInRight&quot;}\" data-widget_type=\"image.default\">\n\t\t\t\t<div class=\"elementor-widget-container\">\n\t\t\t\t\t\t\t\t\t\t\t\t\t\t\t<img loading=\"lazy\" loading=\"lazy\" decoding=\"async\" width=\"768\" height=\"1024\" src=\"https:\/\/mondopelle.it\/wp-content\/uploads\/2023\/08\/foto-22-08-23-17-03-26-768x1024.jpg\" class=\"attachment-large size-large wp-image-27788\" alt=\"\" srcset=\"https:\/\/mondopelle.it\/wp-content\/uploads\/2023\/08\/foto-22-08-23-17-03-26-768x1024.jpg 768w, https:\/\/mondopelle.it\/wp-content\/uploads\/2023\/08\/foto-22-08-23-17-03-26-225x300.jpg 225w, https:\/\/mondopelle.it\/wp-content\/uploads\/2023\/08\/foto-22-08-23-17-03-26-1152x1536.jpg 1152w, https:\/\/mondopelle.it\/wp-content\/uploads\/2023\/08\/foto-22-08-23-17-03-26-1536x2048.jpg 1536w, https:\/\/mondopelle.it\/wp-content\/uploads\/2023\/08\/foto-22-08-23-17-03-26-600x800.jpg 600w, https:\/\/mondopelle.it\/wp-content\/uploads\/2023\/08\/foto-22-08-23-17-03-26-1x1.jpg 1w, https:\/\/mondopelle.it\/wp-content\/uploads\/2023\/08\/foto-22-08-23-17-03-26-8x10.jpg 8w\" sizes=\"auto, (max-width: 768px) 100vw, 768px\" \/>\t\t\t\t\t\t\t\t\t\t\t\t\t\t\t<\/div>\n\t\t\t\t<\/div>\n\t\t\t\t<\/div>\n\t\t\t\t\t<\/div>\n\t\t\t\t<\/div>\n\t\t<div class=\"elementor-element elementor-element-c003f7c e-flex e-con-boxed e-con e-parent\" data-id=\"c003f7c\" data-element_type=\"container\" data-e-type=\"container\">\n\t\t\t\t\t<div class=\"e-con-inner\">\n\t\t<div class=\"elementor-element elementor-element-7f5d014 e-con-full e-flex e-con e-parent\" data-id=\"7f5d014\" data-element_type=\"container\" data-e-type=\"container\">\n\t\t\t\t<div class=\"elementor-element elementor-element-6ee66b3 elementor-invisible elementor-widget elementor-widget-text-editor\" data-id=\"6ee66b3\" data-element_type=\"widget\" data-e-type=\"widget\" data-settings=\"{&quot;_animation&quot;:&quot;zoomInLeft&quot;}\" data-widget_type=\"text-editor.default\">\n\t\t\t\t<div class=\"elementor-widget-container\">\n\t\t\t\t\t\t\t\t\t<p>Noch vor ein paar Jahren galt Farbe als mauvais, aber nicht f\u00fcr die Herbst-\/Wintersaison 2023\/24. In der Tat entwickelt sich die Modewelt st\u00e4ndig weiter, und Trends, die in der Vergangenheit inakzeptabel schienen, k\u00f6nnen in der Gegenwart relevant werden. Farbe wurde lange Zeit mit \u00fcberm\u00e4\u00dfigem Glanz und einer gewissen &#8220;Pr\u00e4tentiosit\u00e4t&#8221; assoziiert. Die Mode wird jedoch immer von Kunst, Kultur und individuellem Stil beeinflusst, und was gestern noch inakzeptabel schien, kann heute Ausdruck von Stil und K\u00fchnheit sein.<\/p>\n<p>Der Mix von Stilen und Materialien ist ein Schl\u00fcsselelement der zeitgen\u00f6ssischen Mode. Auch dank der sozialen Medien und des globalen Informationsaustauschs vermischen sich Stile und Einfl\u00fcsse heute viel freier. Man kann mit unerwarteten Kombinationen experimentieren und einzigartige Looks kreieren.<\/p>\n\t\t\t\t\t\t\t\t<\/div>\n\t\t\t\t<\/div>\n\t\t\t\t<\/div>\n\t\t<div class=\"elementor-element elementor-element-9d39184 e-con-full e-flex e-con e-parent\" data-id=\"9d39184\" data-element_type=\"container\" data-e-type=\"container\">\n\t\t\t\t<div class=\"elementor-element elementor-element-682a9cb elementor-invisible elementor-widget elementor-widget-image\" data-id=\"682a9cb\" data-element_type=\"widget\" data-e-type=\"widget\" data-settings=\"{&quot;_animation&quot;:&quot;fadeInRight&quot;}\" data-widget_type=\"image.default\">\n\t\t\t\t<div class=\"elementor-widget-container\">\n\t\t\t\t\t\t\t\t\t\t\t\t\t\t\t\t<a href=\"https:\/\/mondopelle.it\/shop\/scarpe\/mocassini\/mokasiny-evaluna-9789\/\">\n\t\t\t\t\t\t\t<img loading=\"lazy\" loading=\"lazy\" decoding=\"async\" width=\"768\" height=\"1024\" src=\"https:\/\/mondopelle.it\/wp-content\/uploads\/2023\/08\/foto-19-08-23-09-57-37-768x1024.jpg\" class=\"attachment-large size-large wp-image-27782\" alt=\"\" srcset=\"https:\/\/mondopelle.it\/wp-content\/uploads\/2023\/08\/foto-19-08-23-09-57-37-768x1024.jpg 768w, https:\/\/mondopelle.it\/wp-content\/uploads\/2023\/08\/foto-19-08-23-09-57-37-225x300.jpg 225w, https:\/\/mondopelle.it\/wp-content\/uploads\/2023\/08\/foto-19-08-23-09-57-37-1152x1536.jpg 1152w, https:\/\/mondopelle.it\/wp-content\/uploads\/2023\/08\/foto-19-08-23-09-57-37-1536x2048.jpg 1536w, https:\/\/mondopelle.it\/wp-content\/uploads\/2023\/08\/foto-19-08-23-09-57-37-600x800.jpg 600w, https:\/\/mondopelle.it\/wp-content\/uploads\/2023\/08\/foto-19-08-23-09-57-37-1x1.jpg 1w, https:\/\/mondopelle.it\/wp-content\/uploads\/2023\/08\/foto-19-08-23-09-57-37-8x10.jpg 8w\" sizes=\"auto, (max-width: 768px) 100vw, 768px\" \/>\t\t\t\t\t\t\t\t<\/a>\n\t\t\t\t\t\t\t\t\t\t\t\t\t\t\t<\/div>\n\t\t\t\t<\/div>\n\t\t\t\t<\/div>\n\t\t\t\t\t<\/div>\n\t\t\t\t<\/div>\n\t\t<div class=\"elementor-element elementor-element-598614b e-flex e-con-boxed e-con e-parent\" data-id=\"598614b\" data-element_type=\"container\" data-e-type=\"container\">\n\t\t\t\t\t<div class=\"e-con-inner\">\n\t\t\t\t<div class=\"elementor-element elementor-element-a9eb047 etheme-elementor-product-align-center elementor-widget elementor-widget-etheme_product_carousel\" data-id=\"a9eb047\" data-element_type=\"widget\" data-e-type=\"widget\" data-settings=\"{&quot;autoplay&quot;:&quot;yes&quot;,&quot;slides_per_view&quot;:&quot;3&quot;,&quot;slides_per_view_mobile&quot;:&quot;2&quot;,&quot;space_between&quot;:{&quot;unit&quot;:&quot;px&quot;,&quot;size&quot;:20,&quot;sizes&quot;:[]},&quot;space_between_tablet&quot;:{&quot;unit&quot;:&quot;px&quot;,&quot;size&quot;:&quot;&quot;,&quot;sizes&quot;:[]},&quot;space_between_mobile&quot;:{&quot;unit&quot;:&quot;px&quot;,&quot;size&quot;:&quot;&quot;,&quot;sizes&quot;:[]},&quot;loop&quot;:&quot;yes&quot;,&quot;autoplay_speed&quot;:5000,&quot;pause_on_hover&quot;:&quot;yes&quot;,&quot;pause_on_interaction&quot;:&quot;yes&quot;,&quot;navigation&quot;:&quot;arrows&quot;}\" data-widget_type=\"etheme_product_carousel.default\">\n\t\t\t\t<div class=\"elementor-widget-container\">\n\t\t\t\t\t<div class=\"woocommerce-info\">Keine Ihrer Auswahl entsprechenden Produkte gefunden.<\/div>\t\t\t\t<\/div>\n\t\t\t\t<\/div>\n\t\t\t\t\t<\/div>\n\t\t\t\t<\/div>\n\t\t<div class=\"elementor-element elementor-element-e515a4b e-flex e-con-boxed e-con e-parent\" data-id=\"e515a4b\" data-element_type=\"container\" data-e-type=\"container\">\n\t\t\t\t\t<div class=\"e-con-inner\">\n\t\t<div class=\"elementor-element elementor-element-b8a307d e-con-full e-flex e-con e-parent\" data-id=\"b8a307d\" data-element_type=\"container\" data-e-type=\"container\">\n\t\t\t\t<div class=\"elementor-element elementor-element-cb2bff6 elementor-invisible elementor-widget elementor-widget-text-editor\" data-id=\"cb2bff6\" data-element_type=\"widget\" data-e-type=\"widget\" data-settings=\"{&quot;_animation&quot;:&quot;zoomInLeft&quot;}\" data-widget_type=\"text-editor.default\">\n\t\t\t\t<div class=\"elementor-widget-container\">\n\t\t\t\t\t\t\t\t\t<p>Marken wie Miu Miu und Valentino sehen Potenzial in der Neuinterpretation traditioneller Materialien und Stile. Sie bieten neue Interpretationen und Kombinationen, die diejenigen ansprechen, die ihre Individualit\u00e4t und Originalit\u00e4t durch Kleidung und Schuhe zum Ausdruck bringen wollen.<\/p>\n\t\t\t\t\t\t\t\t<\/div>\n\t\t\t\t<\/div>\n\t\t\t\t<div class=\"elementor-element elementor-element-8c4d46f elementor-invisible elementor-widget elementor-widget-text-editor\" data-id=\"8c4d46f\" data-element_type=\"widget\" data-e-type=\"widget\" data-settings=\"{&quot;_animation&quot;:&quot;zoomInLeft&quot;}\" data-widget_type=\"text-editor.default\">\n\t\t\t\t<div class=\"elementor-widget-container\">\n\t\t\t\t\t\t\t\t\t<p>Die Fashionistas von heute verzichten zunehmend auf starre Regeln und Stereotypen und entscheiden sich f\u00fcr das, was ihnen wirklich gef\u00e4llt und was ihren pers\u00f6nlichen Stil zum Ausdruck bringt. Letztlich ist Mode eine Kunst des Ausdrucks, und jeder hat das Recht, das zu tragen, was ihn gl\u00fccklich und selbstbewusst macht.<\/p>\n\t\t\t\t\t\t\t\t<\/div>\n\t\t\t\t<\/div>\n\t\t\t\t<\/div>\n\t\t<div class=\"elementor-element elementor-element-59d7460 e-con-full e-flex e-con e-parent\" data-id=\"59d7460\" data-element_type=\"container\" data-e-type=\"container\">\n\t\t\t\t<div class=\"elementor-element elementor-element-d31572f elementor-invisible elementor-widget elementor-widget-image\" data-id=\"d31572f\" data-element_type=\"widget\" data-e-type=\"widget\" data-settings=\"{&quot;_animation&quot;:&quot;fadeInRight&quot;}\" data-widget_type=\"image.default\">\n\t\t\t\t<div class=\"elementor-widget-container\">\n\t\t\t\t\t\t\t\t\t\t\t\t\t\t\t\t<a href=\"https:\/\/mondopelle.it\/shop\/scarpe\/stivaletti\/tufli-noa-l23-nero-3\/\">\n\t\t\t\t\t\t\t<img loading=\"lazy\" loading=\"lazy\" decoding=\"async\" width=\"819\" height=\"1024\" src=\"https:\/\/mondopelle.it\/wp-content\/uploads\/2023\/08\/foto-10-07-23-18-51-52-819x1024.jpg\" class=\"attachment-large size-large wp-image-27790\" alt=\"\" srcset=\"https:\/\/mondopelle.it\/wp-content\/uploads\/2023\/08\/foto-10-07-23-18-51-52-819x1024.jpg 819w, https:\/\/mondopelle.it\/wp-content\/uploads\/2023\/08\/foto-10-07-23-18-51-52-240x300.jpg 240w, https:\/\/mondopelle.it\/wp-content\/uploads\/2023\/08\/foto-10-07-23-18-51-52-768x960.jpg 768w, https:\/\/mondopelle.it\/wp-content\/uploads\/2023\/08\/foto-10-07-23-18-51-52-1229x1536.jpg 1229w, https:\/\/mondopelle.it\/wp-content\/uploads\/2023\/08\/foto-10-07-23-18-51-52-1638x2048.jpg 1638w, https:\/\/mondopelle.it\/wp-content\/uploads\/2023\/08\/foto-10-07-23-18-51-52-600x750.jpg 600w, https:\/\/mondopelle.it\/wp-content\/uploads\/2023\/08\/foto-10-07-23-18-51-52-1x1.jpg 1w, https:\/\/mondopelle.it\/wp-content\/uploads\/2023\/08\/foto-10-07-23-18-51-52-8x10.jpg 8w\" sizes=\"auto, (max-width: 819px) 100vw, 819px\" \/>\t\t\t\t\t\t\t\t<\/a>\n\t\t\t\t\t\t\t\t\t\t\t\t\t\t\t<\/div>\n\t\t\t\t<\/div>\n\t\t\t\t<\/div>\n\t\t\t\t\t<\/div>\n\t\t\t\t<\/div>\n\t\t<div class=\"elementor-element elementor-element-1e8307f e-flex e-con-boxed e-con e-parent\" data-id=\"1e8307f\" data-element_type=\"container\" data-e-type=\"container\">\n\t\t\t\t\t<div class=\"e-con-inner\">\n\t\t<div class=\"elementor-element elementor-element-cdea291 e-con-full e-flex e-con e-parent\" data-id=\"cdea291\" data-element_type=\"container\" data-e-type=\"container\">\n\t\t\t\t<div class=\"elementor-element elementor-element-6fce135 elementor-invisible elementor-widget elementor-widget-image\" data-id=\"6fce135\" data-element_type=\"widget\" data-e-type=\"widget\" data-settings=\"{&quot;_animation&quot;:&quot;fadeInLeft&quot;}\" data-widget_type=\"image.default\">\n\t\t\t\t<div class=\"elementor-widget-container\">\n\t\t\t\t\t\t\t\t\t\t\t\t\t\t\t\t<a href=\"https:\/\/mondopelle.it\/shop\/scarpe\/stivaletti\/botinki-osennie-noa-tar703\/\">\n\t\t\t\t\t\t\t<img loading=\"lazy\" loading=\"lazy\" decoding=\"async\" width=\"768\" height=\"1024\" src=\"https:\/\/mondopelle.it\/wp-content\/uploads\/2023\/08\/foto-19-08-23-09-34-08-768x1024.jpg\" class=\"attachment-large size-large wp-image-27780\" alt=\"\" srcset=\"https:\/\/mondopelle.it\/wp-content\/uploads\/2023\/08\/foto-19-08-23-09-34-08-768x1024.jpg 768w, https:\/\/mondopelle.it\/wp-content\/uploads\/2023\/08\/foto-19-08-23-09-34-08-225x300.jpg 225w, https:\/\/mondopelle.it\/wp-content\/uploads\/2023\/08\/foto-19-08-23-09-34-08-1152x1536.jpg 1152w, https:\/\/mondopelle.it\/wp-content\/uploads\/2023\/08\/foto-19-08-23-09-34-08-1536x2048.jpg 1536w, https:\/\/mondopelle.it\/wp-content\/uploads\/2023\/08\/foto-19-08-23-09-34-08-600x800.jpg 600w, https:\/\/mondopelle.it\/wp-content\/uploads\/2023\/08\/foto-19-08-23-09-34-08-1x1.jpg 1w, https:\/\/mondopelle.it\/wp-content\/uploads\/2023\/08\/foto-19-08-23-09-34-08-8x10.jpg 8w\" sizes=\"auto, (max-width: 768px) 100vw, 768px\" \/>\t\t\t\t\t\t\t\t<\/a>\n\t\t\t\t\t\t\t\t\t\t\t\t\t\t\t<\/div>\n\t\t\t\t<\/div>\n\t\t\t\t<\/div>\n\t\t<div class=\"elementor-element elementor-element-b9fa64d e-con-full e-flex e-con e-parent\" data-id=\"b9fa64d\" data-element_type=\"container\" data-e-type=\"container\">\n\t\t\t\t<div class=\"elementor-element elementor-element-caf40f1 elementor-invisible elementor-widget elementor-widget-text-editor\" data-id=\"caf40f1\" data-element_type=\"widget\" data-e-type=\"widget\" data-settings=\"{&quot;_animation&quot;:&quot;zoomInRight&quot;}\" data-widget_type=\"text-editor.default\">\n\t\t\t\t<div class=\"elementor-widget-container\">\n\t\t\t\t\t\t\t\t\t<p>In der Saison 2023\/24 wird es einen starken Trend zu Schuhen und Taschen aus Lackleder geben.<\/p>\n<p>Das gl\u00e4nzende, reflektierende Material verleiht jedem Outfit einen Hauch von Eleganz und Glamour.<\/p>\n<p>Sie werden in verschiedenen Farbt\u00f6nen erh\u00e4ltlich sein, von klassischem Schwarz oder Rot bis hin zu leuchtenden Farben wie Smaragdgr\u00fcn oder Candy Pink. Lackschuhe gibt es in verschiedenen Modellen, von flachen Ballettschuhen bis hin zu hochhackigen Schuhen, w\u00e4hrend es Taschen in verschiedenen Formen und Gr\u00f6\u00dfen gibt, vom praktischen Rucksack bis hin zur raffinierten Abendclutch.<\/p>\n<p>Accessoires aus Lackleder sind ideal, um einen eleganten und raffinierten Look zu vervollst\u00e4ndigen, perfekt f\u00fcr besondere Anl\u00e4sse oder um einem Freizeitoutfit einen Hauch von Stil zu verleihen.<\/p>\n\t\t\t\t\t\t\t\t<\/div>\n\t\t\t\t<\/div>\n\t\t\t\t<\/div>\n\t\t\t\t\t<\/div>\n\t\t\t\t<\/div>\n\t\t<div class=\"elementor-element elementor-element-1b28c00 e-flex e-con-boxed e-con e-parent\" data-id=\"1b28c00\" data-element_type=\"container\" data-e-type=\"container\">\n\t\t\t\t\t<div class=\"e-con-inner\">\n\t\t\t\t<div class=\"elementor-element elementor-element-74f37a6 elementor-widget elementor-widget-gallery\" data-id=\"74f37a6\" data-element_type=\"widget\" data-e-type=\"widget\" data-settings=\"{&quot;gallery_layout&quot;:&quot;masonry&quot;,&quot;columns&quot;:3,&quot;columns_mobile&quot;:3,&quot;lazyload&quot;:&quot;yes&quot;,&quot;columns_tablet&quot;:2,&quot;gap&quot;:{&quot;unit&quot;:&quot;px&quot;,&quot;size&quot;:10,&quot;sizes&quot;:[]},&quot;gap_tablet&quot;:{&quot;unit&quot;:&quot;px&quot;,&quot;size&quot;:10,&quot;sizes&quot;:[]},&quot;gap_mobile&quot;:{&quot;unit&quot;:&quot;px&quot;,&quot;size&quot;:10,&quot;sizes&quot;:[]},&quot;link_to&quot;:&quot;file&quot;,&quot;overlay_background&quot;:&quot;yes&quot;,&quot;content_hover_animation&quot;:&quot;fade-in&quot;}\" data-widget_type=\"gallery.default\">\n\t\t\t\t<div class=\"elementor-widget-container\">\n\t\t\t\t\t\t\t<div class=\"elementor-gallery__container\">\n\t\t\t\t\t\t\t<a class=\"e-gallery-item elementor-gallery-item elementor-animated-content\" href=\"https:\/\/mondopelle.it\/wp-content\/uploads\/2023\/08\/foto-17-10-15-06-27-26-1-.jpg\" data-elementor-open-lightbox=\"yes\" data-elementor-lightbox-slideshow=\"74f37a6\" data-elementor-lightbox-description=\"Mondopelle\" data-e-action-hash=\"#elementor-action%3Aaction%3Dlightbox%26settings%3DeyJpZCI6MjEyNTksInVybCI6Imh0dHBzOlwvXC9tb25kb3BlbGxlLml0XC93cC1jb250ZW50XC91cGxvYWRzXC8yMDIzXC8wOFwvZm90by0xNy0xMC0xNS0wNi0yNy0yNi0xLS5qcGciLCJzbGlkZXNob3ciOiI3NGYzN2E2In0%3D\">\n\t\t\t\t\t<div class=\"e-gallery-image elementor-gallery-item__image\" data-thumbnail=\"https:\/\/mondopelle.it\/wp-content\/uploads\/2023\/08\/foto-17-10-15-06-27-26-1-.jpg\" data-width=\"450\" data-height=\"642\" aria-label=\"\" role=\"img\" ><\/div>\n\t\t\t\t\t\t\t\t\t\t\t<div class=\"elementor-gallery-item__overlay\"><\/div>\n\t\t\t\t\t\t\t\t\t\t\t\t\t\t<\/a>\n\t\t\t\t\t\t\t<a class=\"e-gallery-item elementor-gallery-item elementor-animated-content\" href=\"https:\/\/mondopelle.it\/wp-content\/uploads\/2023\/08\/foto-23-08-23-16-46-20-1-.jpg\" data-elementor-open-lightbox=\"yes\" data-elementor-lightbox-slideshow=\"74f37a6\" data-elementor-lightbox-description=\"Mondopelle\" data-e-action-hash=\"#elementor-action%3Aaction%3Dlightbox%26settings%3DeyJpZCI6MjEyNjUsInVybCI6Imh0dHBzOlwvXC9tb25kb3BlbGxlLml0XC93cC1jb250ZW50XC91cGxvYWRzXC8yMDIzXC8wOFwvZm90by0yMy0wOC0yMy0xNi00Ni0yMC0xLS5qcGciLCJzbGlkZXNob3ciOiI3NGYzN2E2In0%3D\">\n\t\t\t\t\t<div class=\"e-gallery-image elementor-gallery-item__image\" data-thumbnail=\"https:\/\/mondopelle.it\/wp-content\/uploads\/2023\/08\/foto-23-08-23-16-46-20-1-.jpg\" data-width=\"736\" data-height=\"1104\" aria-label=\"\" role=\"img\" ><\/div>\n\t\t\t\t\t\t\t\t\t\t\t<div class=\"elementor-gallery-item__overlay\"><\/div>\n\t\t\t\t\t\t\t\t\t\t\t\t\t\t<\/a>\n\t\t\t\t\t\t\t<a class=\"e-gallery-item elementor-gallery-item elementor-animated-content\" href=\"https:\/\/mondopelle.it\/wp-content\/uploads\/2023\/08\/foto-23-08-23-16-47-34.jpg\" data-elementor-open-lightbox=\"yes\" data-elementor-lightbox-slideshow=\"74f37a6\" data-elementor-lightbox-description=\"Mondopelle\" data-e-action-hash=\"#elementor-action%3Aaction%3Dlightbox%26settings%3DeyJpZCI6MjEyNjgsInVybCI6Imh0dHBzOlwvXC9tb25kb3BlbGxlLml0XC93cC1jb250ZW50XC91cGxvYWRzXC8yMDIzXC8wOFwvZm90by0yMy0wOC0yMy0xNi00Ny0zNC5qcGciLCJzbGlkZXNob3ciOiI3NGYzN2E2In0%3D\">\n\t\t\t\t\t<div class=\"e-gallery-image elementor-gallery-item__image\" data-thumbnail=\"https:\/\/mondopelle.it\/wp-content\/uploads\/2023\/08\/foto-23-08-23-16-47-34.jpg\" data-width=\"736\" data-height=\"1104\" aria-label=\"\" role=\"img\" ><\/div>\n\t\t\t\t\t\t\t\t\t\t\t<div class=\"elementor-gallery-item__overlay\"><\/div>\n\t\t\t\t\t\t\t\t\t\t\t\t\t\t<\/a>\n\t\t\t\t\t\t\t<a class=\"e-gallery-item elementor-gallery-item elementor-animated-content\" href=\"https:\/\/mondopelle.it\/wp-content\/uploads\/2023\/08\/foto-23-08-23-16-53-16-1-.jpg\" data-elementor-open-lightbox=\"yes\" data-elementor-lightbox-slideshow=\"74f37a6\" data-elementor-lightbox-description=\"Mondopelle\" data-e-action-hash=\"#elementor-action%3Aaction%3Dlightbox%26settings%3DeyJpZCI6MjEyNzEsInVybCI6Imh0dHBzOlwvXC9tb25kb3BlbGxlLml0XC93cC1jb250ZW50XC91cGxvYWRzXC8yMDIzXC8wOFwvZm90by0yMy0wOC0yMy0xNi01My0xNi0xLS5qcGciLCJzbGlkZXNob3ciOiI3NGYzN2E2In0%3D\">\n\t\t\t\t\t<div class=\"e-gallery-image elementor-gallery-item__image\" data-thumbnail=\"https:\/\/mondopelle.it\/wp-content\/uploads\/2023\/08\/foto-23-08-23-16-53-16-1-.jpg\" data-width=\"683\" data-height=\"1024\" aria-label=\"\" role=\"img\" ><\/div>\n\t\t\t\t\t\t\t\t\t\t\t<div class=\"elementor-gallery-item__overlay\"><\/div>\n\t\t\t\t\t\t\t\t\t\t\t\t\t\t<\/a>\n\t\t\t\t\t\t\t<a class=\"e-gallery-item elementor-gallery-item elementor-animated-content\" href=\"https:\/\/mondopelle.it\/wp-content\/uploads\/2023\/08\/foto-23-08-23-17-02-58.jpg\" data-elementor-open-lightbox=\"yes\" data-elementor-lightbox-slideshow=\"74f37a6\" data-elementor-lightbox-description=\"Mondopelle\" data-e-action-hash=\"#elementor-action%3Aaction%3Dlightbox%26settings%3DeyJpZCI6MjEyNzQsInVybCI6Imh0dHBzOlwvXC9tb25kb3BlbGxlLml0XC93cC1jb250ZW50XC91cGxvYWRzXC8yMDIzXC8wOFwvZm90by0yMy0wOC0yMy0xNy0wMi01OC5qcGciLCJzbGlkZXNob3ciOiI3NGYzN2E2In0%3D\">\n\t\t\t\t\t<div class=\"e-gallery-image elementor-gallery-item__image\" data-thumbnail=\"https:\/\/mondopelle.it\/wp-content\/uploads\/2023\/08\/foto-23-08-23-17-02-58.jpg\" data-width=\"771\" data-height=\"1024\" aria-label=\"\" role=\"img\" ><\/div>\n\t\t\t\t\t\t\t\t\t\t\t<div class=\"elementor-gallery-item__overlay\"><\/div>\n\t\t\t\t\t\t\t\t\t\t\t\t\t\t<\/a>\n\t\t\t\t\t\t\t<a class=\"e-gallery-item elementor-gallery-item elementor-animated-content\" href=\"https:\/\/mondopelle.it\/wp-content\/uploads\/2023\/08\/foto-23-08-23-17-04-09-1-.jpg\" data-elementor-open-lightbox=\"yes\" data-elementor-lightbox-slideshow=\"74f37a6\" data-elementor-lightbox-description=\"Mondopelle\" data-e-action-hash=\"#elementor-action%3Aaction%3Dlightbox%26settings%3DeyJpZCI6MjEyNzcsInVybCI6Imh0dHBzOlwvXC9tb25kb3BlbGxlLml0XC93cC1jb250ZW50XC91cGxvYWRzXC8yMDIzXC8wOFwvZm90by0yMy0wOC0yMy0xNy0wNC0wOS0xLS5qcGciLCJzbGlkZXNob3ciOiI3NGYzN2E2In0%3D\">\n\t\t\t\t\t<div class=\"e-gallery-image elementor-gallery-item__image\" data-thumbnail=\"https:\/\/mondopelle.it\/wp-content\/uploads\/2023\/08\/foto-23-08-23-17-04-09-1-.jpg\" data-width=\"450\" data-height=\"674\" aria-label=\"\" role=\"img\" ><\/div>\n\t\t\t\t\t\t\t\t\t\t\t<div class=\"elementor-gallery-item__overlay\"><\/div>\n\t\t\t\t\t\t\t\t\t\t\t\t\t\t<\/a>\n\t\t\t\t\t\t\t<a class=\"e-gallery-item elementor-gallery-item elementor-animated-content\" href=\"https:\/\/mondopelle.it\/wp-content\/uploads\/2023\/08\/foto-23-08-23-17-08-59.jpg\" data-elementor-open-lightbox=\"yes\" data-elementor-lightbox-slideshow=\"74f37a6\" data-elementor-lightbox-description=\"Mondopelle\" data-e-action-hash=\"#elementor-action%3Aaction%3Dlightbox%26settings%3DeyJpZCI6MjEyODAsInVybCI6Imh0dHBzOlwvXC9tb25kb3BlbGxlLml0XC93cC1jb250ZW50XC91cGxvYWRzXC8yMDIzXC8wOFwvZm90by0yMy0wOC0yMy0xNy0wOC01OS5qcGciLCJzbGlkZXNob3ciOiI3NGYzN2E2In0%3D\">\n\t\t\t\t\t<div class=\"e-gallery-image elementor-gallery-item__image\" data-thumbnail=\"https:\/\/mondopelle.it\/wp-content\/uploads\/2023\/08\/foto-23-08-23-17-08-59.jpg\" data-width=\"801\" data-height=\"1196\" aria-label=\"\" role=\"img\" ><\/div>\n\t\t\t\t\t\t\t\t\t\t\t<div class=\"elementor-gallery-item__overlay\"><\/div>\n\t\t\t\t\t\t\t\t\t\t\t\t\t\t<\/a>\n\t\t\t\t\t\t\t<a class=\"e-gallery-item elementor-gallery-item elementor-animated-content\" href=\"https:\/\/mondopelle.it\/wp-content\/uploads\/2023\/08\/foto-23-08-23-17-11-51-1-.jpg\" data-elementor-open-lightbox=\"yes\" data-elementor-lightbox-slideshow=\"74f37a6\" data-elementor-lightbox-description=\"Mondopelle\" data-e-action-hash=\"#elementor-action%3Aaction%3Dlightbox%26settings%3DeyJpZCI6MjEyODMsInVybCI6Imh0dHBzOlwvXC9tb25kb3BlbGxlLml0XC93cC1jb250ZW50XC91cGxvYWRzXC8yMDIzXC8wOFwvZm90by0yMy0wOC0yMy0xNy0xMS01MS0xLS5qcGciLCJzbGlkZXNob3ciOiI3NGYzN2E2In0%3D\">\n\t\t\t\t\t<div class=\"e-gallery-image elementor-gallery-item__image\" data-thumbnail=\"https:\/\/mondopelle.it\/wp-content\/uploads\/2023\/08\/foto-23-08-23-17-11-51-1-.jpg\" data-width=\"666\" data-height=\"998\" aria-label=\"\" role=\"img\" ><\/div>\n\t\t\t\t\t\t\t\t\t\t\t<div class=\"elementor-gallery-item__overlay\"><\/div>\n\t\t\t\t\t\t\t\t\t\t\t\t\t\t<\/a>\n\t\t\t\t\t\t\t<a class=\"e-gallery-item elementor-gallery-item elementor-animated-content\" href=\"https:\/\/mondopelle.it\/wp-content\/uploads\/2023\/08\/foto-23-08-23-18-11-04.jpg\" data-elementor-open-lightbox=\"yes\" data-elementor-lightbox-slideshow=\"74f37a6\" data-elementor-lightbox-description=\"Mondopelle\" data-e-action-hash=\"#elementor-action%3Aaction%3Dlightbox%26settings%3DeyJpZCI6MjEyODksInVybCI6Imh0dHBzOlwvXC9tb25kb3BlbGxlLml0XC93cC1jb250ZW50XC91cGxvYWRzXC8yMDIzXC8wOFwvZm90by0yMy0wOC0yMy0xOC0xMS0wNC5qcGciLCJzbGlkZXNob3ciOiI3NGYzN2E2In0%3D\">\n\t\t\t\t\t<div class=\"e-gallery-image elementor-gallery-item__image\" data-thumbnail=\"https:\/\/mondopelle.it\/wp-content\/uploads\/2023\/08\/foto-23-08-23-18-11-04.jpg\" data-width=\"408\" data-height=\"671\" aria-label=\"\" role=\"img\" ><\/div>\n\t\t\t\t\t\t\t\t\t\t\t<div class=\"elementor-gallery-item__overlay\"><\/div>\n\t\t\t\t\t\t\t\t\t\t\t\t\t\t<\/a>\n\t\t\t\t\t<\/div>\n\t\t\t\t\t<\/div>\n\t\t\t\t<\/div>\n\t\t\t\t\t<\/div>\n\t\t\t\t<\/div>\n\t\t\t\t<\/div>\n\t\t","protected":false},"excerpt":{"rendered":"<p>A\u0441ccessoires in Lackierung A\/W 2023\/2024 Noch vor ein paar Jahren galt Farbe als mauvais, aber nicht f\u00fcr die Herbst-\/Wintersaison 2023\/24. In der Tat entwickelt sich die Modewelt st\u00e4ndig weiter, und Trends, die in der Vergangenheit inakzeptabel schienen, k\u00f6nnen in der Gegenwart relevant werden. Farbe wurde lange Zeit mit \u00fcberm\u00e4\u00dfigem Glanz und einer gewissen &#8220;Pr\u00e4tentiosit\u00e4t&#8221; assoziiert. Die Mode wird jedoch immer von Kunst, Kultur und individuellem Stil beeinflusst, und was gestern noch inakzeptabel schien, kann heute&#8230;<\/p>\n","protected":false},"author":1,"featured_media":27794,"comment_status":"closed","ping_status":"closed","sticky":false,"template":"","format":"standard","meta":{"footnotes":""},"categories":[924],"tags":[],"class_list":["post-27772","post","type-post","status-publish","format-standard","has-post-thumbnail","hentry","category-unkategorisiert"],"yoast_head":"<!-- This site is optimized with the Yoast SEO plugin v27.5 - https:\/\/yoast.com\/product\/yoast-seo-wordpress\/ -->\n<title>Farbe f\u00fcr Herbst-Winter 2023\/2024 - Mondopelle<\/title>\n<meta name=\"description\" content=\"Modische Schuhe aus echtem Leder f\u00fcr Damen und Herren im Online-Verkauf mit kostenloser Lieferung und Zahlung bei Lieferung\" \/>\n<meta name=\"robots\" content=\"index, follow, max-snippet:-1, max-image-preview:large, max-video-preview:-1\" \/>\n<link rel=\"canonical\" href=\"https:\/\/mondopelle.it\/de\/farbe-fuer-herbst-winter-2023-2024\/\" \/>\n<meta property=\"og:locale\" content=\"de_DE\" \/>\n<meta property=\"og:type\" content=\"article\" \/>\n<meta property=\"og:title\" content=\"Farbe f\u00fcr Herbst-Winter 2023\/2024 - Mondopelle\" \/>\n<meta property=\"og:description\" content=\"Modische Schuhe aus echtem Leder f\u00fcr Damen und Herren im Online-Verkauf mit kostenloser Lieferung und Zahlung bei Lieferung\" \/>\n<meta property=\"og:url\" content=\"https:\/\/mondopelle.it\/de\/farbe-fuer-herbst-winter-2023-2024\/\" \/>\n<meta property=\"og:site_name\" content=\"Mondopelle\" \/>\n<meta property=\"article:publisher\" content=\"https:\/\/www.facebook.com\/mondopelle\/\" \/>\n<meta property=\"article:published_time\" content=\"2023-08-23T17:14:02+00:00\" \/>\n<meta property=\"article:modified_time\" content=\"2023-10-09T14:10:40+00:00\" \/>\n<meta property=\"og:image\" content=\"https:\/\/mondopelle.it\/wp-content\/uploads\/2023\/08\/ania-1-e1692883278503.jpg\" \/>\n\t<meta property=\"og:image:width\" content=\"1350\" \/>\n\t<meta property=\"og:image:height\" content=\"1059\" \/>\n\t<meta property=\"og:image:type\" content=\"image\/jpeg\" \/>\n<meta name=\"author\" content=\"mondopelle\" \/>\n<meta name=\"twitter:card\" content=\"summary_large_image\" \/>\n<meta name=\"twitter:label1\" content=\"Verfasst von\" \/>\n\t<meta name=\"twitter:data1\" content=\"mondopelle\" \/>\n\t<meta name=\"twitter:label2\" content=\"Gesch\u00e4tzte Lesezeit\" \/>\n\t<meta name=\"twitter:data2\" content=\"2\u00a0Minuten\" \/>\n<script type=\"application\/ld+json\" class=\"yoast-schema-graph\">{\"@context\":\"https:\\\/\\\/schema.org\",\"@graph\":[{\"@type\":\"Article\",\"@id\":\"https:\\\/\\\/mondopelle.it\\\/de\\\/farbe-fuer-herbst-winter-2023-2024\\\/#article\",\"isPartOf\":{\"@id\":\"https:\\\/\\\/mondopelle.it\\\/de\\\/farbe-fuer-herbst-winter-2023-2024\\\/\"},\"author\":{\"name\":\"mondopelle\",\"@id\":\"https:\\\/\\\/mondopelle.it\\\/de\\\/#\\\/schema\\\/person\\\/5462d4b0518356b4000fb0efe5c87fbf\"},\"headline\":\"Farbe f\u00fcr Herbst-Winter 2023\\\/2024\",\"datePublished\":\"2023-08-23T17:14:02+00:00\",\"dateModified\":\"2023-10-09T14:10:40+00:00\",\"mainEntityOfPage\":{\"@id\":\"https:\\\/\\\/mondopelle.it\\\/de\\\/farbe-fuer-herbst-winter-2023-2024\\\/\"},\"wordCount\":409,\"publisher\":{\"@id\":\"https:\\\/\\\/mondopelle.it\\\/de\\\/#organization\"},\"image\":{\"@id\":\"https:\\\/\\\/mondopelle.it\\\/de\\\/farbe-fuer-herbst-winter-2023-2024\\\/#primaryimage\"},\"thumbnailUrl\":\"https:\\\/\\\/mondopelle.it\\\/wp-content\\\/uploads\\\/2023\\\/08\\\/ania-1-e1692883278503.jpg\",\"articleSection\":[\"Unkategorisiert\"],\"inLanguage\":\"de\"},{\"@type\":\"WebPage\",\"@id\":\"https:\\\/\\\/mondopelle.it\\\/de\\\/farbe-fuer-herbst-winter-2023-2024\\\/\",\"url\":\"https:\\\/\\\/mondopelle.it\\\/de\\\/farbe-fuer-herbst-winter-2023-2024\\\/\",\"name\":\"Farbe f\u00fcr Herbst-Winter 2023\\\/2024 - Mondopelle\",\"isPartOf\":{\"@id\":\"https:\\\/\\\/mondopelle.it\\\/de\\\/#website\"},\"primaryImageOfPage\":{\"@id\":\"https:\\\/\\\/mondopelle.it\\\/de\\\/farbe-fuer-herbst-winter-2023-2024\\\/#primaryimage\"},\"image\":{\"@id\":\"https:\\\/\\\/mondopelle.it\\\/de\\\/farbe-fuer-herbst-winter-2023-2024\\\/#primaryimage\"},\"thumbnailUrl\":\"https:\\\/\\\/mondopelle.it\\\/wp-content\\\/uploads\\\/2023\\\/08\\\/ania-1-e1692883278503.jpg\",\"datePublished\":\"2023-08-23T17:14:02+00:00\",\"dateModified\":\"2023-10-09T14:10:40+00:00\",\"description\":\"Modische Schuhe aus echtem Leder f\u00fcr Damen und Herren im Online-Verkauf mit kostenloser Lieferung und Zahlung bei Lieferung\",\"breadcrumb\":{\"@id\":\"https:\\\/\\\/mondopelle.it\\\/de\\\/farbe-fuer-herbst-winter-2023-2024\\\/#breadcrumb\"},\"inLanguage\":\"de\",\"potentialAction\":[{\"@type\":\"ReadAction\",\"target\":[\"https:\\\/\\\/mondopelle.it\\\/de\\\/farbe-fuer-herbst-winter-2023-2024\\\/\"]}]},{\"@type\":\"ImageObject\",\"inLanguage\":\"de\",\"@id\":\"https:\\\/\\\/mondopelle.it\\\/de\\\/farbe-fuer-herbst-winter-2023-2024\\\/#primaryimage\",\"url\":\"https:\\\/\\\/mondopelle.it\\\/wp-content\\\/uploads\\\/2023\\\/08\\\/ania-1-e1692883278503.jpg\",\"contentUrl\":\"https:\\\/\\\/mondopelle.it\\\/wp-content\\\/uploads\\\/2023\\\/08\\\/ania-1-e1692883278503.jpg\",\"width\":1350,\"height\":1059,\"caption\":\"Vernice per l'autunno-inverno 2023\\\/2024\"},{\"@type\":\"BreadcrumbList\",\"@id\":\"https:\\\/\\\/mondopelle.it\\\/de\\\/farbe-fuer-herbst-winter-2023-2024\\\/#breadcrumb\",\"itemListElement\":[{\"@type\":\"ListItem\",\"position\":1,\"name\":\"Start Seite\",\"item\":\"https:\\\/\\\/mondopelle.it\\\/de\\\/home-new\\\/\"},{\"@type\":\"ListItem\",\"position\":2,\"name\":\"Farbe f\u00fcr Herbst-Winter 2023\\\/2024\"}]},{\"@type\":\"WebSite\",\"@id\":\"https:\\\/\\\/mondopelle.it\\\/de\\\/#website\",\"url\":\"https:\\\/\\\/mondopelle.it\\\/de\\\/\",\"name\":\"Mondopelle\",\"description\":\"\",\"publisher\":{\"@id\":\"https:\\\/\\\/mondopelle.it\\\/de\\\/#organization\"},\"potentialAction\":[{\"@type\":\"SearchAction\",\"target\":{\"@type\":\"EntryPoint\",\"urlTemplate\":\"https:\\\/\\\/mondopelle.it\\\/de\\\/?s={search_term_string}\"},\"query-input\":{\"@type\":\"PropertyValueSpecification\",\"valueRequired\":true,\"valueName\":\"search_term_string\"}}],\"inLanguage\":\"de\"},{\"@type\":\"Organization\",\"@id\":\"https:\\\/\\\/mondopelle.it\\\/de\\\/#organization\",\"name\":\"Mondopelle\",\"url\":\"https:\\\/\\\/mondopelle.it\\\/de\\\/\",\"logo\":{\"@type\":\"ImageObject\",\"inLanguage\":\"de\",\"@id\":\"https:\\\/\\\/mondopelle.it\\\/de\\\/#\\\/schema\\\/logo\\\/image\\\/\",\"url\":\"https:\\\/\\\/mondopelle.it\\\/wp-content\\\/uploads\\\/2023\\\/07\\\/logo_mp-283x55-1.png\",\"contentUrl\":\"https:\\\/\\\/mondopelle.it\\\/wp-content\\\/uploads\\\/2023\\\/07\\\/logo_mp-283x55-1.png\",\"width\":283,\"height\":55,\"caption\":\"Mondopelle\"},\"image\":{\"@id\":\"https:\\\/\\\/mondopelle.it\\\/de\\\/#\\\/schema\\\/logo\\\/image\\\/\"},\"sameAs\":[\"https:\\\/\\\/www.facebook.com\\\/mondopelle\\\/\",\"https:\\\/\\\/www.instagram.com\\\/mondopelle\\\/\"]},{\"@type\":\"Person\",\"@id\":\"https:\\\/\\\/mondopelle.it\\\/de\\\/#\\\/schema\\\/person\\\/5462d4b0518356b4000fb0efe5c87fbf\",\"name\":\"mondopelle\",\"sameAs\":[\"https:\\\/\\\/mondopelle.it\"]}]}<\/script>\n<!-- \/ Yoast SEO plugin. -->","yoast_head_json":{"title":"Farbe f\u00fcr Herbst-Winter 2023\/2024 - Mondopelle","description":"Modische Schuhe aus echtem Leder f\u00fcr Damen und Herren im Online-Verkauf mit kostenloser Lieferung und Zahlung bei Lieferung","robots":{"index":"index","follow":"follow","max-snippet":"max-snippet:-1","max-image-preview":"max-image-preview:large","max-video-preview":"max-video-preview:-1"},"canonical":"https:\/\/mondopelle.it\/de\/farbe-fuer-herbst-winter-2023-2024\/","og_locale":"de_DE","og_type":"article","og_title":"Farbe f\u00fcr Herbst-Winter 2023\/2024 - Mondopelle","og_description":"Modische Schuhe aus echtem Leder f\u00fcr Damen und Herren im Online-Verkauf mit kostenloser Lieferung und Zahlung bei Lieferung","og_url":"https:\/\/mondopelle.it\/de\/farbe-fuer-herbst-winter-2023-2024\/","og_site_name":"Mondopelle","article_publisher":"https:\/\/www.facebook.com\/mondopelle\/","article_published_time":"2023-08-23T17:14:02+00:00","article_modified_time":"2023-10-09T14:10:40+00:00","og_image":[{"width":1350,"height":1059,"url":"https:\/\/mondopelle.it\/wp-content\/uploads\/2023\/08\/ania-1-e1692883278503.jpg","type":"image\/jpeg"}],"author":"mondopelle","twitter_card":"summary_large_image","twitter_misc":{"Verfasst von":"mondopelle","Gesch\u00e4tzte Lesezeit":"2\u00a0Minuten"},"schema":{"@context":"https:\/\/schema.org","@graph":[{"@type":"Article","@id":"https:\/\/mondopelle.it\/de\/farbe-fuer-herbst-winter-2023-2024\/#article","isPartOf":{"@id":"https:\/\/mondopelle.it\/de\/farbe-fuer-herbst-winter-2023-2024\/"},"author":{"name":"mondopelle","@id":"https:\/\/mondopelle.it\/de\/#\/schema\/person\/5462d4b0518356b4000fb0efe5c87fbf"},"headline":"Farbe f\u00fcr Herbst-Winter 2023\/2024","datePublished":"2023-08-23T17:14:02+00:00","dateModified":"2023-10-09T14:10:40+00:00","mainEntityOfPage":{"@id":"https:\/\/mondopelle.it\/de\/farbe-fuer-herbst-winter-2023-2024\/"},"wordCount":409,"publisher":{"@id":"https:\/\/mondopelle.it\/de\/#organization"},"image":{"@id":"https:\/\/mondopelle.it\/de\/farbe-fuer-herbst-winter-2023-2024\/#primaryimage"},"thumbnailUrl":"https:\/\/mondopelle.it\/wp-content\/uploads\/2023\/08\/ania-1-e1692883278503.jpg","articleSection":["Unkategorisiert"],"inLanguage":"de"},{"@type":"WebPage","@id":"https:\/\/mondopelle.it\/de\/farbe-fuer-herbst-winter-2023-2024\/","url":"https:\/\/mondopelle.it\/de\/farbe-fuer-herbst-winter-2023-2024\/","name":"Farbe f\u00fcr Herbst-Winter 2023\/2024 - Mondopelle","isPartOf":{"@id":"https:\/\/mondopelle.it\/de\/#website"},"primaryImageOfPage":{"@id":"https:\/\/mondopelle.it\/de\/farbe-fuer-herbst-winter-2023-2024\/#primaryimage"},"image":{"@id":"https:\/\/mondopelle.it\/de\/farbe-fuer-herbst-winter-2023-2024\/#primaryimage"},"thumbnailUrl":"https:\/\/mondopelle.it\/wp-content\/uploads\/2023\/08\/ania-1-e1692883278503.jpg","datePublished":"2023-08-23T17:14:02+00:00","dateModified":"2023-10-09T14:10:40+00:00","description":"Modische Schuhe aus echtem Leder f\u00fcr Damen und Herren im Online-Verkauf mit kostenloser Lieferung und Zahlung bei Lieferung","breadcrumb":{"@id":"https:\/\/mondopelle.it\/de\/farbe-fuer-herbst-winter-2023-2024\/#breadcrumb"},"inLanguage":"de","potentialAction":[{"@type":"ReadAction","target":["https:\/\/mondopelle.it\/de\/farbe-fuer-herbst-winter-2023-2024\/"]}]},{"@type":"ImageObject","inLanguage":"de","@id":"https:\/\/mondopelle.it\/de\/farbe-fuer-herbst-winter-2023-2024\/#primaryimage","url":"https:\/\/mondopelle.it\/wp-content\/uploads\/2023\/08\/ania-1-e1692883278503.jpg","contentUrl":"https:\/\/mondopelle.it\/wp-content\/uploads\/2023\/08\/ania-1-e1692883278503.jpg","width":1350,"height":1059,"caption":"Vernice per l'autunno-inverno 2023\/2024"},{"@type":"BreadcrumbList","@id":"https:\/\/mondopelle.it\/de\/farbe-fuer-herbst-winter-2023-2024\/#breadcrumb","itemListElement":[{"@type":"ListItem","position":1,"name":"Start Seite","item":"https:\/\/mondopelle.it\/de\/home-new\/"},{"@type":"ListItem","position":2,"name":"Farbe f\u00fcr Herbst-Winter 2023\/2024"}]},{"@type":"WebSite","@id":"https:\/\/mondopelle.it\/de\/#website","url":"https:\/\/mondopelle.it\/de\/","name":"Mondopelle","description":"","publisher":{"@id":"https:\/\/mondopelle.it\/de\/#organization"},"potentialAction":[{"@type":"SearchAction","target":{"@type":"EntryPoint","urlTemplate":"https:\/\/mondopelle.it\/de\/?s={search_term_string}"},"query-input":{"@type":"PropertyValueSpecification","valueRequired":true,"valueName":"search_term_string"}}],"inLanguage":"de"},{"@type":"Organization","@id":"https:\/\/mondopelle.it\/de\/#organization","name":"Mondopelle","url":"https:\/\/mondopelle.it\/de\/","logo":{"@type":"ImageObject","inLanguage":"de","@id":"https:\/\/mondopelle.it\/de\/#\/schema\/logo\/image\/","url":"https:\/\/mondopelle.it\/wp-content\/uploads\/2023\/07\/logo_mp-283x55-1.png","contentUrl":"https:\/\/mondopelle.it\/wp-content\/uploads\/2023\/07\/logo_mp-283x55-1.png","width":283,"height":55,"caption":"Mondopelle"},"image":{"@id":"https:\/\/mondopelle.it\/de\/#\/schema\/logo\/image\/"},"sameAs":["https:\/\/www.facebook.com\/mondopelle\/","https:\/\/www.instagram.com\/mondopelle\/"]},{"@type":"Person","@id":"https:\/\/mondopelle.it\/de\/#\/schema\/person\/5462d4b0518356b4000fb0efe5c87fbf","name":"mondopelle","sameAs":["https:\/\/mondopelle.it"]}]}},"jetpack_featured_media_url":"https:\/\/mondopelle.it\/wp-content\/uploads\/2023\/08\/ania-1-e1692883278503.jpg","_links":{"self":[{"href":"https:\/\/mondopelle.it\/de\/wp-json\/wp\/v2\/posts\/27772","targetHints":{"allow":["GET"]}}],"collection":[{"href":"https:\/\/mondopelle.it\/de\/wp-json\/wp\/v2\/posts"}],"about":[{"href":"https:\/\/mondopelle.it\/de\/wp-json\/wp\/v2\/types\/post"}],"author":[{"embeddable":true,"href":"https:\/\/mondopelle.it\/de\/wp-json\/wp\/v2\/users\/1"}],"replies":[{"embeddable":true,"href":"https:\/\/mondopelle.it\/de\/wp-json\/wp\/v2\/comments?post=27772"}],"version-history":[{"count":0,"href":"https:\/\/mondopelle.it\/de\/wp-json\/wp\/v2\/posts\/27772\/revisions"}],"wp:featuredmedia":[{"embeddable":true,"href":"https:\/\/mondopelle.it\/de\/wp-json\/wp\/v2\/media\/27794"}],"wp:attachment":[{"href":"https:\/\/mondopelle.it\/de\/wp-json\/wp\/v2\/media?parent=27772"}],"wp:term":[{"taxonomy":"category","embeddable":true,"href":"https:\/\/mondopelle.it\/de\/wp-json\/wp\/v2\/categories?post=27772"},{"taxonomy":"post_tag","embeddable":true,"href":"https:\/\/mondopelle.it\/de\/wp-json\/wp\/v2\/tags?post=27772"}],"curies":[{"name":"wp","href":"https:\/\/api.w.org\/{rel}","templated":true}]}}