{"id":27860,"date":"2023-08-15T12:09:23","date_gmt":"2023-08-15T10:09:23","guid":{"rendered":"https:\/\/mondopelle.it\/tendances-des-sacs-pour-lautomne-hiver\/"},"modified":"2023-10-09T16:11:11","modified_gmt":"2023-10-09T14:11:11","slug":"tendances-des-sacs-pour-lautomne-hiver","status":"publish","type":"post","link":"https:\/\/mondopelle.it\/fr\/tendances-des-sacs-pour-lautomne-hiver\/","title":{"rendered":"Tendances des sacs pour l&#8217;automne-hiver"},"content":{"rendered":"\t\t<div data-elementor-type=\"wp-post\" data-elementor-id=\"27860\" class=\"elementor elementor-27860 elementor-19899\" data-elementor-post-type=\"post\">\n\t\t\t\t<div class=\"elementor-element elementor-element-b9fa696 e-flex e-con-boxed e-con e-parent\" data-id=\"b9fa696\" data-element_type=\"container\" data-e-type=\"container\">\n\t\t\t\t\t<div class=\"e-con-inner\">\n\t\t<div class=\"elementor-element elementor-element-1af05b2 e-con-full e-flex e-con e-parent\" data-id=\"1af05b2\" data-element_type=\"container\" data-e-type=\"container\">\n\t\t\t\t<div class=\"elementor-element elementor-element-831d016 elementor-widget elementor-widget-text-editor\" data-id=\"831d016\" data-element_type=\"widget\" data-e-type=\"widget\" data-widget_type=\"text-editor.default\">\n\t\t\t\t<div class=\"elementor-widget-container\">\n\t\t\t\t\t\t\t\t\t<p>Les tendances de la mode observ\u00e9es sur les podiums se retrouvent d\u00e9j\u00e0 dans la rue, mais cela ne signifie pas que nous devons n\u00e9cessairement abandonner notre garde-robe actuelle pour suivre la mode. Au contraire, ces tendances permettent d&#8217;actualiser et de rendre encore plus chics nos v\u00eatements et accessoires de tous les jours. Les tendances actuelles de la mode peuvent \u00eatre adapt\u00e9es et incorpor\u00e9es de mani\u00e8re cr\u00e9ative \u00e0 notre style personnel sans avoir \u00e0 vider notre portefeuille.<\/p>\n\t\t\t\t\t\t\t\t<\/div>\n\t\t\t\t<\/div>\n\t\t\t\t<\/div>\n\t\t<div class=\"elementor-element elementor-element-0987a15 e-con-full e-flex e-con e-parent\" data-id=\"0987a15\" data-element_type=\"container\" data-e-type=\"container\">\n\t\t\t\t<div class=\"elementor-element elementor-element-a470171 elementor-widget elementor-widget-text-editor\" data-id=\"a470171\" data-element_type=\"widget\" data-e-type=\"widget\" data-widget_type=\"text-editor.default\">\n\t\t\t\t<div class=\"elementor-widget-container\">\n\t\t\t\t\t\t\t\t\t<p>Si vous souhaitez rafra\u00eechir votre garde-robe et lui donner un nouveau look \u00e0 la mode, l&#8217;ajout d&#8217;un sac \u00e9l\u00e9gant dans une forme et une couleur tendance est la solution id\u00e9ale. Le sac n&#8217;est pas seulement un accessoire pratique pour ranger des objets, mais aussi un \u00e9l\u00e9ment de style important qui peut souligner votre personnalit\u00e9 et votre identit\u00e9. De plus, un sac bien choisi peut compl\u00e9ter n&#8217;importe quelle image et la rendre plus \u00e9l\u00e9gante et raffin\u00e9e. Choisissez des sacs aux formes et aux couleurs tendance et n&#8217;h\u00e9sitez pas \u00e0 exp\u00e9rimenter les combinaisons. Cr\u00e9ez votre image unique \u00e0 l&#8217;aide d&#8217;accessoires de mode et votre garde-robe brillera avec de nouvelles couleurs \u00e0 la mode.<\/p>\n\t\t\t\t\t\t\t\t<\/div>\n\t\t\t\t<\/div>\n\t\t\t\t<\/div>\n\t\t\t\t\t<\/div>\n\t\t\t\t<\/div>\n\t\t<div class=\"elementor-element elementor-element-efc285b e-flex e-con-boxed e-con e-parent\" data-id=\"efc285b\" data-element_type=\"container\" data-e-type=\"container\">\n\t\t\t\t\t<div class=\"e-con-inner\">\n\t\t<div class=\"elementor-element elementor-element-a60a515 e-con-full e-flex e-con e-parent\" data-id=\"a60a515\" data-element_type=\"container\" data-e-type=\"container\">\n\t\t\t\t<div class=\"elementor-element elementor-element-0c4e631 elementor-invisible elementor-widget elementor-widget-hotspot\" data-id=\"0c4e631\" data-element_type=\"widget\" data-e-type=\"widget\" data-settings=\"{&quot;hotspot&quot;:[{&quot;_id&quot;:&quot;be79a94&quot;,&quot;hotspot_link&quot;:{&quot;url&quot;:&quot;https:\\\/\\\/mondopelle.it\\\/shop\\\/accessori\\\/borse\\\/sumka-sara-burglar-kate-2319-fuxia\\\/&quot;,&quot;is_external&quot;:&quot;&quot;,&quot;nofollow&quot;:&quot;&quot;,&quot;custom_attributes&quot;:&quot;&quot;},&quot;hotspot_offset_x&quot;:{&quot;unit&quot;:&quot;%&quot;,&quot;size&quot;:69,&quot;sizes&quot;:[]},&quot;hotspot_offset_y&quot;:{&quot;unit&quot;:&quot;%&quot;,&quot;size&quot;:60,&quot;sizes&quot;:[]},&quot;index&quot;:0,&quot;__dynamic__&quot;:null,&quot;hotspot_label&quot;:&quot;&quot;,&quot;hotspot_icon&quot;:{&quot;value&quot;:&quot;&quot;,&quot;library&quot;:&quot;&quot;},&quot;hotspot_custom_size&quot;:&quot;no&quot;,&quot;hotspot_tooltip_content&quot;:&quot;Ajoutez le texte de votre infobulle ici&quot;,&quot;hotspot_horizontal&quot;:&quot;left&quot;,&quot;hotspot_vertical&quot;:&quot;top&quot;,&quot;hotspot_tooltip_position&quot;:&quot;no&quot;,&quot;hotspot_position&quot;:null,&quot;hotspot_position_tablet&quot;:null,&quot;hotspot_position_mobile&quot;:null,&quot;hotspot_icon_position&quot;:null,&quot;hotspot_icon_spacing&quot;:null,&quot;hotspot_width&quot;:null,&quot;hotspot_height&quot;:null,&quot;hotspot_offset_x_tablet&quot;:{&quot;unit&quot;:&quot;px&quot;,&quot;size&quot;:&quot;&quot;,&quot;sizes&quot;:[]},&quot;hotspot_offset_x_mobile&quot;:{&quot;unit&quot;:&quot;px&quot;,&quot;size&quot;:&quot;&quot;,&quot;sizes&quot;:[]},&quot;hotspot_offset_y_tablet&quot;:{&quot;unit&quot;:&quot;px&quot;,&quot;size&quot;:&quot;&quot;,&quot;sizes&quot;:[]},&quot;hotspot_offset_y_mobile&quot;:{&quot;unit&quot;:&quot;px&quot;,&quot;size&quot;:&quot;&quot;,&quot;sizes&quot;:[]},&quot;hotspot_tooltip_width&quot;:null,&quot;hotspot_tooltip_width_tablet&quot;:null,&quot;hotspot_tooltip_width_mobile&quot;:null,&quot;hotspot_tooltip_text_wrap&quot;:null}],&quot;tooltip_position&quot;:&quot;bottom&quot;,&quot;tooltip_trigger_mobile&quot;:&quot;click&quot;,&quot;_animation&quot;:&quot;fadeInLeft&quot;,&quot;tooltip_animation&quot;:&quot;e-hotspot--fade-grow&quot;,&quot;tooltip_trigger&quot;:&quot;click&quot;}\" data-widget_type=\"hotspot.default\">\n\t\t\t\t<div class=\"elementor-widget-container\">\n\t\t\t\t\t<img loading=\"lazy\" loading=\"lazy\" decoding=\"async\" width=\"700\" height=\"1024\" src=\"https:\/\/mondopelle.it\/wp-content\/uploads\/2023\/08\/img_0856-700x1024.jpg\" class=\"attachment-large size-large wp-image-19910\" alt=\"Tendenze borse autunno-inverno\" srcset=\"https:\/\/mondopelle.it\/wp-content\/uploads\/2023\/08\/img_0856-700x1024.jpg 700w, https:\/\/mondopelle.it\/wp-content\/uploads\/2023\/08\/img_0856-205x300.jpg 205w, https:\/\/mondopelle.it\/wp-content\/uploads\/2023\/08\/img_0856-768x1124.jpg 768w, https:\/\/mondopelle.it\/wp-content\/uploads\/2023\/08\/img_0856-1050x1536.jpg 1050w, https:\/\/mondopelle.it\/wp-content\/uploads\/2023\/08\/img_0856-1400x2048.jpg 1400w, https:\/\/mondopelle.it\/wp-content\/uploads\/2023\/08\/img_0856-600x878.jpg 600w, https:\/\/mondopelle.it\/wp-content\/uploads\/2023\/08\/img_0856-1x1.jpg 1w, https:\/\/mondopelle.it\/wp-content\/uploads\/2023\/08\/img_0856-7x10.jpg 7w, https:\/\/mondopelle.it\/wp-content\/uploads\/2023\/08\/img_0856.jpg 1447w\" sizes=\"auto, (max-width: 700px) 100vw, 700px\" \/>\n\t\t\t\t\t\t<a class=\"e-hotspot elementor-repeater-item-be79a94  e-hotspot--position-left e-hotspot--position-top e-hotspot--link e-hotspot--no-tooltip e-hotspot--circle\" href=\"https:\/\/mondopelle.it\/shop\/accessori\/borse\/sumka-sara-burglar-kate-2319-fuxia\/\">\n\n\t\t\t\t\t\t\t\t<div class=\"e-hotspot__button e-hotspot--overlay\">\n\t\t\t\t\t\t\t\t\t\t\t<div class=\"e-hotspot__outer-circle\"><\/div>\n\t\t\t\t\t\t<div class=\"e-hotspot__inner-circle\"><\/div>\n\t\t\t\t\t\t\t\t\t<\/div>\n\n\t\t\t\t\t\t\t\t\n\t\t\t<\/a>\n\n\t\n\t\t\t\t\t\t<\/div>\n\t\t\t\t<\/div>\n\t\t\t\t<\/div>\n\t\t<div class=\"elementor-element elementor-element-dce1352 e-con-full e-flex e-con e-parent\" data-id=\"dce1352\" data-element_type=\"container\" data-e-type=\"container\">\n\t\t\t\t<div class=\"elementor-element elementor-element-1d8c35e elementor-invisible elementor-widget elementor-widget-text-editor\" data-id=\"1d8c35e\" data-element_type=\"widget\" data-e-type=\"widget\" data-settings=\"{&quot;_animation&quot;:&quot;fadeInRight&quot;}\" data-widget_type=\"text-editor.default\">\n\t\t\t\t<div class=\"elementor-widget-container\">\n\t\t\t\t\t\t\t\t\t<p>Le sac \u00e0 poign\u00e9es est un excellent choix pour ceux qui recherchent un design \u00e9l\u00e9gant et fonctionnel.<\/p>\n<p>Gr\u00e2ce \u00e0 ses deux poign\u00e9es, il est facile \u00e0 transporter et peut \u00eatre combin\u00e9 avec de nombreux types de v\u00eatements.<\/p>\n<p>En outre, il est disponible dans de nombreuses variantes de couleurs et de mat\u00e9riaux pour r\u00e9pondre \u00e0 tous les go\u00fbts et \u00e0 tous les styles. Gr\u00e2ce \u00e0 sa polyvalence, il peut \u00eatre utilis\u00e9 aussi bien pour le travail que pour les loisirs, ou pour des occasions sp\u00e9ciales telles que les mariages et les d\u00eeners importants. Enfin, gr\u00e2ce \u00e0 sa capacit\u00e9 \u00e0 contenir de nombreux objets, ce sac est tr\u00e8s pratique pour ceux qui ont besoin de transporter beaucoup de choses tout au long de la journ\u00e9e.<\/p>\n\t\t\t\t\t\t\t\t<\/div>\n\t\t\t\t<\/div>\n\t\t\t\t<div class=\"elementor-element elementor-element-e93b1e9 elementor-invisible elementor-widget elementor-widget-etheme_animated_headline\" data-id=\"e93b1e9\" data-element_type=\"widget\" data-e-type=\"widget\" data-settings=\"{&quot;_animation&quot;:&quot;zoomIn&quot;,&quot;text_style&quot;:&quot;highlight&quot;,&quot;shape&quot;:&quot;circle&quot;,&quot;loop&quot;:&quot;yes&quot;,&quot;duration&quot;:{&quot;unit&quot;:&quot;px&quot;,&quot;size&quot;:&quot;&quot;,&quot;sizes&quot;:[]}}\" data-widget_type=\"etheme_animated_headline.default\">\n\t\t\t\t<div class=\"elementor-widget-container\">\n\t\t\t\t\t        \n        <div class=\"etheme-headline-wrapper\">\n            <h3 class=\"etheme-headline\" data-style=\"highlight\">\n\t\t                                <span class=\"etheme-headline-text-before\">\n\t                        Le                          <\/span>\n                                    <span class=\"etheme-headline-text-wrapper\">\n                \n\t\t          sacs<svg xmlns=\"http:\/\/www.w3.org\/2000\/svg\" viewBox=\"0 0 500 150\" preserveAspectRatio=\"none\"><path d=\"M385.6 48.191C347.6 37.191 298.601 33.0304 250.929 32.1983C115.64 29.8368 5.59529 49.1857 5.13745 75.4152C4.67962 101.645 112.811 117.829 248.1 120.191C383.389 122.552 494.605 110.196 495.063 83.9669C495.063 61.691 416.806 41.878 361.1 32.1983\"><\/path><\/svg>                \n                <\/span>\n                                    <span class=\"etheme-headline-text-after\">\n                        avec poign\u00e9es                    <\/span>\n                            <\/h3>\n        <\/div>\n        \n\t\t\t\t\t\t<\/div>\n\t\t\t\t<\/div>\n\t\t\t\t<\/div>\n\t\t\t\t\t<\/div>\n\t\t\t\t<\/div>\n\t\t<div class=\"elementor-element elementor-element-1148adf e-flex e-con-boxed e-con e-parent\" data-id=\"1148adf\" data-element_type=\"container\" data-e-type=\"container\">\n\t\t\t\t\t<div class=\"e-con-inner\">\n\t\t\t\t<div class=\"elementor-element elementor-element-37e50f9 etheme-elementor-product-align-center elementor-widget elementor-widget-etheme_product_carousel\" data-id=\"37e50f9\" data-element_type=\"widget\" data-e-type=\"widget\" data-settings=\"{&quot;slides_per_view&quot;:&quot;3&quot;,&quot;autoplay&quot;:&quot;yes&quot;,&quot;slides_per_view_mobile&quot;:&quot;2&quot;,&quot;space_between&quot;:{&quot;unit&quot;:&quot;px&quot;,&quot;size&quot;:0,&quot;sizes&quot;:[]},&quot;space_between_mobile&quot;:{&quot;unit&quot;:&quot;px&quot;,&quot;size&quot;:0,&quot;sizes&quot;:[]},&quot;space_between_tablet&quot;:{&quot;unit&quot;:&quot;px&quot;,&quot;size&quot;:&quot;&quot;,&quot;sizes&quot;:[]},&quot;loop&quot;:&quot;yes&quot;,&quot;autoplay_speed&quot;:5000,&quot;pause_on_hover&quot;:&quot;yes&quot;,&quot;pause_on_interaction&quot;:&quot;yes&quot;,&quot;navigation&quot;:&quot;arrows&quot;}\" data-widget_type=\"etheme_product_carousel.default\">\n\t\t\t\t<div class=\"elementor-widget-container\">\n\t\t\t\t\t<div class=\"woocommerce-info\">Aucun produit n&#039;a \u00e9t\u00e9 trouv\u00e9 correspondant \u00e0 votre s\u00e9lection.<\/div>\t\t\t\t<\/div>\n\t\t\t\t<\/div>\n\t\t\t\t\t<\/div>\n\t\t\t\t<\/div>\n\t\t<div class=\"elementor-element elementor-element-e3c3bd1 e-flex e-con-boxed e-con e-parent\" data-id=\"e3c3bd1\" data-element_type=\"container\" data-e-type=\"container\">\n\t\t\t\t\t<div class=\"e-con-inner\">\n\t\t<div class=\"elementor-element elementor-element-997b588 e-con-full e-flex e-con e-parent\" data-id=\"997b588\" data-element_type=\"container\" data-e-type=\"container\">\n\t\t\t\t<div class=\"elementor-element elementor-element-3e4f004 elementor-invisible elementor-widget elementor-widget-text-editor\" data-id=\"3e4f004\" data-element_type=\"widget\" data-e-type=\"widget\" data-settings=\"{&quot;_animation&quot;:&quot;fadeInLeft&quot;}\" data-widget_type=\"text-editor.default\">\n\t\t\t\t<div class=\"elementor-widget-container\">\n\t\t\t\t\t\t\t\t\t<p>La pochette souple de Bottega Veneta est une pochette \u00e9l\u00e9gante et raffin\u00e9e \u00e0 la silhouette souple, parfaite pour le jour comme pour le soir.<\/p>\n<p>Spacieux et fonctionnel, il ajoute une touche de luxe \u00e0 toute tenue.<\/p>\n<p>Son design \u00e9l\u00e9gant ne manquera pas d&#8217;impressionner, tandis que ses caract\u00e9ristiques pratiques en font un accessoire indispensable. L&#8217;aspect sophistiqu\u00e9 de cette pochette est parfait pour les occasions sp\u00e9ciales ou pour ajouter une touche de glamour \u00e0 une tenue plus d\u00e9contract\u00e9e.<\/p>\n<p>Il s&#8217;agit d&#8217;une pi\u00e8ce polyvalente et intemporelle qui compl\u00e9tera n&#8217;importe quelle garde-robe.<\/p>\n<p>Gr\u00e2ce \u00e0 sa qualit\u00e9 de fabrication, cette pochette est destin\u00e9e \u00e0 durer de nombreuses ann\u00e9es.<\/p>\n\t\t\t\t\t\t\t\t<\/div>\n\t\t\t\t<\/div>\n\t\t\t\t<div class=\"elementor-element elementor-element-f3fc881 elementor-invisible elementor-widget elementor-widget-etheme_animated_headline\" data-id=\"f3fc881\" data-element_type=\"widget\" data-e-type=\"widget\" data-settings=\"{&quot;_animation&quot;:&quot;zoomIn&quot;,&quot;text_style&quot;:&quot;highlight&quot;,&quot;shape&quot;:&quot;circle&quot;,&quot;loop&quot;:&quot;yes&quot;,&quot;duration&quot;:{&quot;unit&quot;:&quot;px&quot;,&quot;size&quot;:&quot;&quot;,&quot;sizes&quot;:[]}}\" data-widget_type=\"etheme_animated_headline.default\">\n\t\t\t\t<div class=\"elementor-widget-container\">\n\t\t\t\t\t        \n        <div class=\"etheme-headline-wrapper\">\n            <h3 class=\"etheme-headline\" data-style=\"highlight\">\n\t\t                                <span class=\"etheme-headline-text-before\">\n\t                        Le                          <\/span>\n                                    <span class=\"etheme-headline-text-wrapper\">\n                \n\t\t        embrayage<svg xmlns=\"http:\/\/www.w3.org\/2000\/svg\" viewBox=\"0 0 500 150\" preserveAspectRatio=\"none\"><path d=\"M385.6 48.191C347.6 37.191 298.601 33.0304 250.929 32.1983C115.64 29.8368 5.59529 49.1857 5.13745 75.4152C4.67962 101.645 112.811 117.829 248.1 120.191C383.389 122.552 494.605 110.196 495.063 83.9669C495.063 61.691 416.806 41.878 361.1 32.1983\"><\/path><\/svg>                \n                <\/span>\n                                    <span class=\"etheme-headline-text-after\">\n                        doux                    <\/span>\n                            <\/h3>\n        <\/div>\n        \n\t\t\t\t\t\t<\/div>\n\t\t\t\t<\/div>\n\t\t\t\t<\/div>\n\t\t<div class=\"elementor-element elementor-element-64e7c43 e-con-full e-flex e-con e-parent\" data-id=\"64e7c43\" data-element_type=\"container\" data-e-type=\"container\">\n\t\t\t\t<div class=\"elementor-element elementor-element-d27e7c0 elementor-widget__width-initial elementor-invisible elementor-widget elementor-widget-image\" data-id=\"d27e7c0\" data-element_type=\"widget\" data-e-type=\"widget\" data-settings=\"{&quot;_animation&quot;:&quot;fadeInRight&quot;}\" data-widget_type=\"image.default\">\n\t\t\t\t<div class=\"elementor-widget-container\">\n\t\t\t\t\t\t\t\t\t\t\t\t\t\t\t\t<a href=\"https:\/\/mondopelle.it\/shop\/accessori\/borse\/sumka-sara-burattinaio-mia-nero\/\">\n\t\t\t\t\t\t\t<img loading=\"lazy\" loading=\"lazy\" decoding=\"async\" width=\"768\" height=\"1024\" src=\"https:\/\/mondopelle.it\/wp-content\/uploads\/2023\/08\/fullsizerender-2-768x1024.jpg\" class=\"attachment-large size-large wp-image-27869\" alt=\"\" srcset=\"https:\/\/mondopelle.it\/wp-content\/uploads\/2023\/08\/fullsizerender-2-768x1024.jpg 768w, https:\/\/mondopelle.it\/wp-content\/uploads\/2023\/08\/fullsizerender-2-225x300.jpg 225w, https:\/\/mondopelle.it\/wp-content\/uploads\/2023\/08\/fullsizerender-2-1152x1536.jpg 1152w, https:\/\/mondopelle.it\/wp-content\/uploads\/2023\/08\/fullsizerender-2-1536x2048.jpg 1536w, https:\/\/mondopelle.it\/wp-content\/uploads\/2023\/08\/fullsizerender-2-600x800.jpg 600w, https:\/\/mondopelle.it\/wp-content\/uploads\/2023\/08\/fullsizerender-2-1x1.jpg 1w, https:\/\/mondopelle.it\/wp-content\/uploads\/2023\/08\/fullsizerender-2-8x10.jpg 8w\" sizes=\"auto, (max-width: 768px) 100vw, 768px\" \/>\t\t\t\t\t\t\t\t<\/a>\n\t\t\t\t\t\t\t\t\t\t\t\t\t\t\t<\/div>\n\t\t\t\t<\/div>\n\t\t\t\t<\/div>\n\t\t\t\t\t<\/div>\n\t\t\t\t<\/div>\n\t\t<div class=\"elementor-element elementor-element-72dbffd e-flex e-con-boxed e-con e-parent\" data-id=\"72dbffd\" data-element_type=\"container\" data-e-type=\"container\">\n\t\t\t\t\t<div class=\"e-con-inner\">\n\t\t\t\t<div class=\"elementor-element elementor-element-626ac73 etheme-elementor-product-align-center elementor-widget elementor-widget-etheme_product_carousel\" data-id=\"626ac73\" data-element_type=\"widget\" data-e-type=\"widget\" data-settings=\"{&quot;slides_per_view&quot;:&quot;3&quot;,&quot;autoplay&quot;:&quot;yes&quot;,&quot;slides_per_view_tablet&quot;:&quot;2&quot;,&quot;slides_per_view_mobile&quot;:&quot;2&quot;,&quot;space_between&quot;:{&quot;unit&quot;:&quot;px&quot;,&quot;size&quot;:0,&quot;sizes&quot;:[]},&quot;space_between_mobile&quot;:{&quot;unit&quot;:&quot;px&quot;,&quot;size&quot;:0,&quot;sizes&quot;:[]},&quot;space_between_tablet&quot;:{&quot;unit&quot;:&quot;px&quot;,&quot;size&quot;:&quot;&quot;,&quot;sizes&quot;:[]},&quot;loop&quot;:&quot;yes&quot;,&quot;autoplay_speed&quot;:5000,&quot;pause_on_hover&quot;:&quot;yes&quot;,&quot;pause_on_interaction&quot;:&quot;yes&quot;,&quot;navigation&quot;:&quot;arrows&quot;}\" data-widget_type=\"etheme_product_carousel.default\">\n\t\t\t\t<div class=\"elementor-widget-container\">\n\t\t\t\t\t<div class=\"woocommerce-info\">Aucun produit n&#039;a \u00e9t\u00e9 trouv\u00e9 correspondant \u00e0 votre s\u00e9lection.<\/div>\t\t\t\t<\/div>\n\t\t\t\t<\/div>\n\t\t\t\t\t<\/div>\n\t\t\t\t<\/div>\n\t\t<div class=\"elementor-element elementor-element-40b37b2 e-flex e-con-boxed e-con e-parent\" data-id=\"40b37b2\" data-element_type=\"container\" data-e-type=\"container\">\n\t\t\t\t\t<div class=\"e-con-inner\">\n\t\t<div class=\"elementor-element elementor-element-1d3745d e-con-full e-flex e-con e-parent\" data-id=\"1d3745d\" data-element_type=\"container\" data-e-type=\"container\">\n\t\t\t\t<div class=\"elementor-element elementor-element-9c6cc59 elementor-invisible elementor-widget elementor-widget-image\" data-id=\"9c6cc59\" data-element_type=\"widget\" data-e-type=\"widget\" data-settings=\"{&quot;_animation&quot;:&quot;fadeInLeft&quot;}\" data-widget_type=\"image.default\">\n\t\t\t\t<div class=\"elementor-widget-container\">\n\t\t\t\t\t\t\t\t\t\t\t\t\t\t\t\t<a href=\"https:\/\/mondopelle.it\/shop\/accessori\/borse\/sumka-sara-burglar-joanna-2329\/\">\n\t\t\t\t\t\t\t<img loading=\"lazy\" loading=\"lazy\" decoding=\"async\" width=\"768\" height=\"1024\" src=\"https:\/\/mondopelle.it\/wp-content\/uploads\/2023\/08\/foto-17-08-23-11-01-03-768x1024.jpg\" class=\"attachment-large size-large wp-image-27872\" alt=\"\" srcset=\"https:\/\/mondopelle.it\/wp-content\/uploads\/2023\/08\/foto-17-08-23-11-01-03-768x1024.jpg 768w, https:\/\/mondopelle.it\/wp-content\/uploads\/2023\/08\/foto-17-08-23-11-01-03-225x300.jpg 225w, https:\/\/mondopelle.it\/wp-content\/uploads\/2023\/08\/foto-17-08-23-11-01-03-1152x1536.jpg 1152w, https:\/\/mondopelle.it\/wp-content\/uploads\/2023\/08\/foto-17-08-23-11-01-03-1536x2048.jpg 1536w, https:\/\/mondopelle.it\/wp-content\/uploads\/2023\/08\/foto-17-08-23-11-01-03-600x800.jpg 600w, https:\/\/mondopelle.it\/wp-content\/uploads\/2023\/08\/foto-17-08-23-11-01-03-1x1.jpg 1w, https:\/\/mondopelle.it\/wp-content\/uploads\/2023\/08\/foto-17-08-23-11-01-03-8x10.jpg 8w, https:\/\/mondopelle.it\/wp-content\/uploads\/2023\/08\/foto-17-08-23-11-01-03.jpg 1920w\" sizes=\"auto, (max-width: 768px) 100vw, 768px\" \/>\t\t\t\t\t\t\t\t<\/a>\n\t\t\t\t\t\t\t\t\t\t\t\t\t\t\t<\/div>\n\t\t\t\t<\/div>\n\t\t\t\t<\/div>\n\t\t<div class=\"elementor-element elementor-element-9895738 e-con-full e-flex e-con e-parent\" data-id=\"9895738\" data-element_type=\"container\" data-e-type=\"container\">\n\t\t\t\t<div class=\"elementor-element elementor-element-bc1a64b elementor-invisible elementor-widget elementor-widget-text-editor\" data-id=\"bc1a64b\" data-element_type=\"widget\" data-e-type=\"widget\" data-settings=\"{&quot;_animation&quot;:&quot;fadeInRight&quot;}\" data-widget_type=\"text-editor.default\">\n\t\t\t\t<div class=\"elementor-widget-container\">\n\t\t\t\t\t\t\t\t\t<p>Les sacs XXL sont le choix id\u00e9al pour ceux qui recherchent de l&#8217;espace et de la praticit\u00e9 sans sacrifier le style. Ces sacs extra-larges peuvent contenir tous les \u00e9l\u00e9ments essentiels \u00e0 emporter au cours de la journ\u00e9e, du maquillage aux cl\u00e9s de la maison. Disponibles dans diff\u00e9rents styles, notamment en cuir et en toile, les sacs XXL sont parfaits pour compl\u00e9ter votre look automne-hiver. Ils sont le bon choix pour aller au travail ou pour des sorties d\u00e9contract\u00e9es entre amis, avec une touche de classe suppl\u00e9mentaire gr\u00e2ce \u00e0 leur \u00e9l\u00e9gance. Du plus minimaliste aux variantes les plus \u00e9labor\u00e9es, les sacs XXL s&#8217;accordent avec toutes les tenues, vous rendant ainsi \u00e0 la mode et pr\u00eate \u00e0 tout.<\/p>\n\t\t\t\t\t\t\t\t<\/div>\n\t\t\t\t<\/div>\n\t\t\t\t<div class=\"elementor-element elementor-element-00871a7 elementor-invisible elementor-widget elementor-widget-etheme_animated_headline\" data-id=\"00871a7\" data-element_type=\"widget\" data-e-type=\"widget\" data-settings=\"{&quot;_animation&quot;:&quot;zoomIn&quot;,&quot;text_style&quot;:&quot;highlight&quot;,&quot;shape&quot;:&quot;circle&quot;,&quot;loop&quot;:&quot;yes&quot;,&quot;duration&quot;:{&quot;unit&quot;:&quot;px&quot;,&quot;size&quot;:&quot;&quot;,&quot;sizes&quot;:[]}}\" data-widget_type=\"etheme_animated_headline.default\">\n\t\t\t\t<div class=\"elementor-widget-container\">\n\t\t\t\t\t        \n        <div class=\"etheme-headline-wrapper\">\n            <h3 class=\"etheme-headline\" data-style=\"highlight\">\n\t\t                                <span class=\"etheme-headline-text-before\">\n\t                        Le                          <\/span>\n                                    <span class=\"etheme-headline-text-wrapper\">\n                \n\t\t        sacs<svg xmlns=\"http:\/\/www.w3.org\/2000\/svg\" viewBox=\"0 0 500 150\" preserveAspectRatio=\"none\"><path d=\"M385.6 48.191C347.6 37.191 298.601 33.0304 250.929 32.1983C115.64 29.8368 5.59529 49.1857 5.13745 75.4152C4.67962 101.645 112.811 117.829 248.1 120.191C383.389 122.552 494.605 110.196 495.063 83.9669C495.063 61.691 416.806 41.878 361.1 32.1983\"><\/path><\/svg>                \n                <\/span>\n                                    <span class=\"etheme-headline-text-after\">\n                        XXL                    <\/span>\n                            <\/h3>\n        <\/div>\n        \n\t\t\t\t\t\t<\/div>\n\t\t\t\t<\/div>\n\t\t\t\t<\/div>\n\t\t\t\t\t<\/div>\n\t\t\t\t<\/div>\n\t\t<div class=\"elementor-element elementor-element-98a1895 e-flex e-con-boxed e-con e-parent\" data-id=\"98a1895\" data-element_type=\"container\" data-e-type=\"container\">\n\t\t\t\t\t<div class=\"e-con-inner\">\n\t\t\t\t<div class=\"elementor-element elementor-element-149d582 etheme-elementor-product-align-center elementor-widget elementor-widget-etheme_product_carousel\" data-id=\"149d582\" data-element_type=\"widget\" data-e-type=\"widget\" data-settings=\"{&quot;slides_per_view&quot;:&quot;3&quot;,&quot;space_between&quot;:{&quot;unit&quot;:&quot;px&quot;,&quot;size&quot;:0,&quot;sizes&quot;:[]},&quot;autoplay&quot;:&quot;yes&quot;,&quot;slides_per_view_tablet&quot;:&quot;2&quot;,&quot;slides_per_view_mobile&quot;:&quot;2&quot;,&quot;space_between_mobile&quot;:{&quot;unit&quot;:&quot;px&quot;,&quot;size&quot;:0,&quot;sizes&quot;:[]},&quot;space_between_tablet&quot;:{&quot;unit&quot;:&quot;px&quot;,&quot;size&quot;:&quot;&quot;,&quot;sizes&quot;:[]},&quot;loop&quot;:&quot;yes&quot;,&quot;autoplay_speed&quot;:5000,&quot;pause_on_hover&quot;:&quot;yes&quot;,&quot;pause_on_interaction&quot;:&quot;yes&quot;,&quot;navigation&quot;:&quot;arrows&quot;}\" data-widget_type=\"etheme_product_carousel.default\">\n\t\t\t\t<div class=\"elementor-widget-container\">\n\t\t\t\t\t<div class=\"woocommerce-info\">Aucun produit n&#039;a \u00e9t\u00e9 trouv\u00e9 correspondant \u00e0 votre s\u00e9lection.<\/div>\t\t\t\t<\/div>\n\t\t\t\t<\/div>\n\t\t\t\t\t<\/div>\n\t\t\t\t<\/div>\n\t\t<div class=\"elementor-element elementor-element-d5160f2 e-flex e-con-boxed e-con e-parent\" data-id=\"d5160f2\" data-element_type=\"container\" data-e-type=\"container\">\n\t\t\t\t\t<div class=\"e-con-inner\">\n\t\t<div class=\"elementor-element elementor-element-c54c667 e-con-full e-flex e-con e-parent\" data-id=\"c54c667\" data-element_type=\"container\" data-e-type=\"container\">\n\t\t\t\t<div class=\"elementor-element elementor-element-832b27c elementor-invisible elementor-widget elementor-widget-text-editor\" data-id=\"832b27c\" data-element_type=\"widget\" data-e-type=\"widget\" data-settings=\"{&quot;_animation&quot;:&quot;fadeInLeft&quot;}\" data-widget_type=\"text-editor.default\">\n\t\t\t\t<div class=\"elementor-widget-container\">\n\t\t\t\t\t\t\t\t\t<p>Les sacs \u00e0 provisions sont parfaits pour les courses et les achats quotidiens. Ils sont \u00e0 la fois pratiques et \u00e9l\u00e9gants et deviennent un classique de la garde-robe gr\u00e2ce \u00e0 leur design intemporel. Vous ne savez pas quel sac choisir ? Personnellement, je recommande de choisir des sacs fabriqu\u00e9s dans des mat\u00e9riaux durables tels que le cuir de haute qualit\u00e9, comme le fait la marque Sara Burglar. Ils sont parfaits, confortables et beaux.  <\/p>\n\t\t\t\t\t\t\t\t<\/div>\n\t\t\t\t<\/div>\n\t\t\t\t<div class=\"elementor-element elementor-element-faf18c2 elementor-invisible elementor-widget elementor-widget-etheme_animated_headline\" data-id=\"faf18c2\" data-element_type=\"widget\" data-e-type=\"widget\" data-settings=\"{&quot;_animation&quot;:&quot;zoomIn&quot;,&quot;text_style&quot;:&quot;highlight&quot;,&quot;shape&quot;:&quot;circle&quot;,&quot;loop&quot;:&quot;yes&quot;,&quot;duration&quot;:{&quot;unit&quot;:&quot;px&quot;,&quot;size&quot;:&quot;&quot;,&quot;sizes&quot;:[]}}\" data-widget_type=\"etheme_animated_headline.default\">\n\t\t\t\t<div class=\"elementor-widget-container\">\n\t\t\t\t\t        \n        <div class=\"etheme-headline-wrapper\">\n            <h3 class=\"etheme-headline\" data-style=\"highlight\">\n\t\t                                <span class=\"etheme-headline-text-before\">\n\t                        Le                          <\/span>\n                                    <span class=\"etheme-headline-text-wrapper\">\n                \n\t\t        sacs<svg xmlns=\"http:\/\/www.w3.org\/2000\/svg\" viewBox=\"0 0 500 150\" preserveAspectRatio=\"none\"><path d=\"M385.6 48.191C347.6 37.191 298.601 33.0304 250.929 32.1983C115.64 29.8368 5.59529 49.1857 5.13745 75.4152C4.67962 101.645 112.811 117.829 248.1 120.191C383.389 122.552 494.605 110.196 495.063 83.9669C495.063 61.691 416.806 41.878 361.1 32.1983\"><\/path><\/svg>                \n                <\/span>\n                                    <span class=\"etheme-headline-text-after\">\n                        acheteur                    <\/span>\n                            <\/h3>\n        <\/div>\n        \n\t\t\t\t\t\t<\/div>\n\t\t\t\t<\/div>\n\t\t\t\t<\/div>\n\t\t<div class=\"elementor-element elementor-element-ecb2f59 e-con-full e-flex e-con e-parent\" data-id=\"ecb2f59\" data-element_type=\"container\" data-e-type=\"container\">\n\t\t\t\t<div class=\"elementor-element elementor-element-c6e5445 elementor-invisible elementor-widget elementor-widget-image\" data-id=\"c6e5445\" data-element_type=\"widget\" data-e-type=\"widget\" data-settings=\"{&quot;_animation&quot;:&quot;fadeInRight&quot;}\" data-widget_type=\"image.default\">\n\t\t\t\t<div class=\"elementor-widget-container\">\n\t\t\t\t\t\t\t\t\t\t\t\t\t\t\t\t<a href=\"https:\/\/mondopelle.it\/shop\/accessori\/borse\/sumka-sara-burglar-parigi-querida-1275-marrone-t-moro\/\">\n\t\t\t\t\t\t\t<img loading=\"lazy\" loading=\"lazy\" decoding=\"async\" width=\"768\" height=\"1024\" src=\"https:\/\/mondopelle.it\/wp-content\/uploads\/2023\/08\/fullsizerender-1-768x1024.jpg\" class=\"attachment-large size-large wp-image-27868\" alt=\"Tendances des sacs pour l&#039;automne-hiver\" srcset=\"https:\/\/mondopelle.it\/wp-content\/uploads\/2023\/08\/fullsizerender-1-768x1024.jpg 768w, https:\/\/mondopelle.it\/wp-content\/uploads\/2023\/08\/fullsizerender-1-225x300.jpg 225w, https:\/\/mondopelle.it\/wp-content\/uploads\/2023\/08\/fullsizerender-1-1152x1536.jpg 1152w, https:\/\/mondopelle.it\/wp-content\/uploads\/2023\/08\/fullsizerender-1-1536x2048.jpg 1536w, https:\/\/mondopelle.it\/wp-content\/uploads\/2023\/08\/fullsizerender-1-600x800.jpg 600w, https:\/\/mondopelle.it\/wp-content\/uploads\/2023\/08\/fullsizerender-1-1x1.jpg 1w, https:\/\/mondopelle.it\/wp-content\/uploads\/2023\/08\/fullsizerender-1-8x10.jpg 8w\" sizes=\"auto, (max-width: 768px) 100vw, 768px\" \/>\t\t\t\t\t\t\t\t<\/a>\n\t\t\t\t\t\t\t\t\t\t\t\t\t\t\t<\/div>\n\t\t\t\t<\/div>\n\t\t\t\t<\/div>\n\t\t\t\t\t<\/div>\n\t\t\t\t<\/div>\n\t\t<div class=\"elementor-element elementor-element-0b89f63 e-flex e-con-boxed e-con e-parent\" data-id=\"0b89f63\" data-element_type=\"container\" data-e-type=\"container\">\n\t\t\t\t\t<div class=\"e-con-inner\">\n\t\t\t\t<div class=\"elementor-element elementor-element-0999e4c etheme-elementor-product-align-center elementor-widget elementor-widget-etheme_product_carousel\" data-id=\"0999e4c\" data-element_type=\"widget\" data-e-type=\"widget\" data-settings=\"{&quot;slides_per_view&quot;:&quot;3&quot;,&quot;space_between&quot;:{&quot;unit&quot;:&quot;px&quot;,&quot;size&quot;:0,&quot;sizes&quot;:[]},&quot;autoplay&quot;:&quot;yes&quot;,&quot;slides_per_view_tablet&quot;:&quot;2&quot;,&quot;slides_per_view_mobile&quot;:&quot;2&quot;,&quot;space_between_mobile&quot;:{&quot;unit&quot;:&quot;px&quot;,&quot;size&quot;:0,&quot;sizes&quot;:[]},&quot;space_between_tablet&quot;:{&quot;unit&quot;:&quot;px&quot;,&quot;size&quot;:&quot;&quot;,&quot;sizes&quot;:[]},&quot;loop&quot;:&quot;yes&quot;,&quot;autoplay_speed&quot;:5000,&quot;pause_on_hover&quot;:&quot;yes&quot;,&quot;pause_on_interaction&quot;:&quot;yes&quot;,&quot;navigation&quot;:&quot;arrows&quot;}\" data-widget_type=\"etheme_product_carousel.default\">\n\t\t\t\t<div class=\"elementor-widget-container\">\n\t\t\t\t\t<div class=\"woocommerce-info\">Aucun produit n&#039;a \u00e9t\u00e9 trouv\u00e9 correspondant \u00e0 votre s\u00e9lection.<\/div>\t\t\t\t<\/div>\n\t\t\t\t<\/div>\n\t\t\t\t\t<\/div>\n\t\t\t\t<\/div>\n\t\t<div class=\"elementor-element elementor-element-ea1baa9 e-flex e-con-boxed e-con e-parent\" data-id=\"ea1baa9\" data-element_type=\"container\" data-e-type=\"container\">\n\t\t\t\t\t<div class=\"e-con-inner\">\n\t\t<div class=\"elementor-element elementor-element-f03e544 e-con-full e-flex e-con e-parent\" data-id=\"f03e544\" data-element_type=\"container\" data-e-type=\"container\">\n\t\t\t\t<div class=\"elementor-element elementor-element-003c359 elementor-invisible elementor-widget elementor-widget-text-editor\" data-id=\"003c359\" data-element_type=\"widget\" data-e-type=\"widget\" data-settings=\"{&quot;_animation&quot;:&quot;fadeInLeft&quot;}\" data-widget_type=\"text-editor.default\">\n\t\t\t\t<div class=\"elementor-widget-container\">\n\t\t\t\t\t\t\t\t\t<p>Ajoutez de l&#8217;\u00e9clat \u00e0 votre look s\u00e9rieux, m\u00e9langez les couleurs et les styles, exp\u00e9rimentez en jetant un coup d&#8217;\u0153il aux grandes marques.<\/p>\n<p>Le monde de la mode est en perp\u00e9tuel mouvement, en constante \u00e9volution. Aujourd&#8217;hui, certaines couleurs et formes sont \u00e0 la mode, et les designers de demain auront de nouvelles id\u00e9es audacieuses.<\/p>\n\t\t\t\t\t\t\t\t<\/div>\n\t\t\t\t<\/div>\n\t\t\t\t<\/div>\n\t\t<div class=\"elementor-element elementor-element-6f68b2e e-con-full e-flex e-con e-parent\" data-id=\"6f68b2e\" data-element_type=\"container\" data-e-type=\"container\">\n\t\t\t\t<div class=\"elementor-element elementor-element-c759d88 elementor-invisible elementor-widget elementor-widget-image\" data-id=\"c759d88\" data-element_type=\"widget\" data-e-type=\"widget\" data-settings=\"{&quot;_animation&quot;:&quot;fadeInUp&quot;}\" data-widget_type=\"image.default\">\n\t\t\t\t<div class=\"elementor-widget-container\">\n\t\t\t\t\t\t\t\t\t\t\t\t\t\t\t\t<a href=\"https:\/\/mondopelle.it\/shop\/accessori\/borse\/sumka-sara-burglar-kate-1171-naplak\/\">\n\t\t\t\t\t\t\t<img loading=\"lazy\" loading=\"lazy\" decoding=\"async\" width=\"768\" height=\"1024\" src=\"https:\/\/mondopelle.it\/wp-content\/uploads\/2023\/08\/foto-15-08-23-11-05-58-768x1024.jpg\" class=\"attachment-large size-large wp-image-27870\" alt=\"\" srcset=\"https:\/\/mondopelle.it\/wp-content\/uploads\/2023\/08\/foto-15-08-23-11-05-58-768x1024.jpg 768w, https:\/\/mondopelle.it\/wp-content\/uploads\/2023\/08\/foto-15-08-23-11-05-58-225x300.jpg 225w, https:\/\/mondopelle.it\/wp-content\/uploads\/2023\/08\/foto-15-08-23-11-05-58-1152x1536.jpg 1152w, https:\/\/mondopelle.it\/wp-content\/uploads\/2023\/08\/foto-15-08-23-11-05-58-1537x2048.jpg 1537w, https:\/\/mondopelle.it\/wp-content\/uploads\/2023\/08\/foto-15-08-23-11-05-58-600x800.jpg 600w, https:\/\/mondopelle.it\/wp-content\/uploads\/2023\/08\/foto-15-08-23-11-05-58-1x1.jpg 1w, https:\/\/mondopelle.it\/wp-content\/uploads\/2023\/08\/foto-15-08-23-11-05-58-8x10.jpg 8w, https:\/\/mondopelle.it\/wp-content\/uploads\/2023\/08\/foto-15-08-23-11-05-58.jpg 1200w\" sizes=\"auto, (max-width: 768px) 100vw, 768px\" \/>\t\t\t\t\t\t\t\t<\/a>\n\t\t\t\t\t\t\t\t\t\t\t\t\t\t\t<\/div>\n\t\t\t\t<\/div>\n\t\t\t\t<\/div>\n\t\t<div class=\"elementor-element elementor-element-7fc00fc e-con-full e-flex e-con e-parent\" data-id=\"7fc00fc\" data-element_type=\"container\" data-e-type=\"container\">\n\t\t\t\t<div class=\"elementor-element elementor-element-162d2d6 elementor-invisible elementor-widget elementor-widget-text-editor\" data-id=\"162d2d6\" data-element_type=\"widget\" data-e-type=\"widget\" data-settings=\"{&quot;_animation&quot;:&quot;fadeInRight&quot;}\" data-widget_type=\"text-editor.default\">\n\t\t\t\t<div class=\"elementor-widget-container\">\n\t\t\t\t\t\t\t\t\t<p>En ce moment, nous pouvons dire sans crainte que tout ce qui est brillant et audacieux, les nouvelles couleurs et combinaisons sont \u00e0 la mode pour la nouvelle saison,  <br \/>cha\u00eenes, paillettes, gros accessoires, imprim\u00e9s floraux et formes \u00e9tranges !<\/p>\n<p>Alors osez, fiez-vous \u00e0 votre go\u00fbt, ajoutez des combinaisons inattendues, des couleurs vives, un sac tendance ou des talons vertigineux \u00e0 votre look de tous les jours.<\/p>\n\t\t\t\t\t\t\t\t<\/div>\n\t\t\t\t<\/div>\n\t\t\t\t<\/div>\n\t\t\t\t\t<\/div>\n\t\t\t\t<\/div>\n\t\t<div class=\"elementor-element elementor-element-bc0ee1a e-flex e-con-boxed e-con e-parent\" data-id=\"bc0ee1a\" data-element_type=\"container\" data-e-type=\"container\">\n\t\t\t\t\t<div class=\"e-con-inner\">\n\t\t\t\t<div class=\"elementor-element elementor-element-78c59e4 elementor-widget elementor-widget-text-editor\" data-id=\"78c59e4\" data-element_type=\"widget\" data-e-type=\"widget\" data-widget_type=\"text-editor.default\">\n\t\t\t\t<div class=\"elementor-widget-container\">\n\t\t\t\t\t\t\t\t\t<p>Trouver un bon sac, confortable, \u00e9l\u00e9gant, \u00e0 la mode et visible est toujours une t\u00e2che difficile.<br \/>S&#8217;adapter au style de vie, \u00e0 toutes les tenues,  <br \/>toutes les chaussures, pour aller au travail, et apr\u00e8s le travail pour aller quelque part.<br \/>Nous, les femmes, savons ce que c&#8217;est ! Quel combat pour trouver le sac parfait ! C&#8217;est pourquoi nous en avons toujours autant et toujours pas assez !  <br \/>Et nous sommes constamment \u00e0 la recherche du sac id\u00e9al.<\/p>\n<p>J&#8217;aimerais vous pr\u00e9senter la marque italienne SARA BURGLAR, qui cr\u00e9e des sacs \u00e9tonnants pour tous les go\u00fbts et pour toutes les saisons !  <br \/>Petit et coquet pour sortir, confortable et f\u00e9minin, lumineux pour tous les jours, strict et classique, \u00e9l\u00e9gant pour les hommes, sacs \u00e0 dos confortables, sacs chics pour voyager, portefeuilles, ceintures&#8230;<br \/>La qualit\u00e9 est parfaite dans les coutures, les finitions, les accessoires, les d\u00e9tails confortables, les meilleurs mat\u00e9riaux naturels qui durent des ann\u00e9es !<\/p>\n<p>Chaque saison, nous attendons avec impatience les nouveaut\u00e9s, qui ne nous d\u00e9\u00e7oivent jamais !<\/p>\n\t\t\t\t\t\t\t\t<\/div>\n\t\t\t\t<\/div>\n\t\t\t\t\t<\/div>\n\t\t\t\t<\/div>\n\t\t<div class=\"elementor-element elementor-element-a727497 e-flex e-con-boxed e-con e-parent\" data-id=\"a727497\" data-element_type=\"container\" data-e-type=\"container\">\n\t\t\t\t\t<div class=\"e-con-inner\">\n\t\t\t\t<div class=\"elementor-element elementor-element-02874dd etheme-elementor-product-align-center elementor-invisible elementor-widget elementor-widget-etheme_product_carousel\" data-id=\"02874dd\" data-element_type=\"widget\" data-e-type=\"widget\" data-settings=\"{&quot;slides_per_view&quot;:&quot;3&quot;,&quot;slides_per_view_mobile&quot;:&quot;2&quot;,&quot;autoplay&quot;:&quot;yes&quot;,&quot;_animation&quot;:&quot;slideInDown&quot;,&quot;space_between&quot;:{&quot;unit&quot;:&quot;px&quot;,&quot;size&quot;:0,&quot;sizes&quot;:[]},&quot;space_between_mobile&quot;:{&quot;unit&quot;:&quot;px&quot;,&quot;size&quot;:0,&quot;sizes&quot;:[]},&quot;space_between_tablet&quot;:{&quot;unit&quot;:&quot;px&quot;,&quot;size&quot;:&quot;&quot;,&quot;sizes&quot;:[]},&quot;loop&quot;:&quot;yes&quot;,&quot;autoplay_speed&quot;:5000,&quot;pause_on_hover&quot;:&quot;yes&quot;,&quot;pause_on_interaction&quot;:&quot;yes&quot;,&quot;navigation&quot;:&quot;arrows&quot;}\" data-widget_type=\"etheme_product_carousel.default\">\n\t\t\t\t<div class=\"elementor-widget-container\">\n\t\t\t\t\t                <div class=\"etheme-elementor-swiper-entry swiper-entry middle-inbox arrows-hover\">\n                    <div class=\"swiper etheme-elementor-slider\" dir=\"ltr\">\n                        <div class=\"swiper-wrapper\">\n                            <div class=\"swiper-slide\">        \n        <div class=\"etheme-product-grid-item etheme-product-hover-mask3 etheme-product-hover-mode-white etheme-product-image-hover-swap product type-product post-43470 status-publish first instock product_cat-accessoires product_cat-sacs has-post-thumbnail shipping-taxable purchasable product-type-variable\">\n        \n        <div class=\"etheme-product-grid-image\"><a href=\"https:\/\/mondopelle.it\/fr\/shop\/accessoires\/sacs\/sac-portefeuille-sara-burglar-althea-1230\/\"><img loading=\"lazy\" loading=\"lazy\" decoding=\"async\" width=\"300\" height=\"300\" src=\"https:\/\/mondopelle.it\/wp-content\/uploads\/2023\/12\/foto-15-12-23-16-55-08-300x300.jpg\" class=\"attachment-woocommerce_thumbnail size-woocommerce_thumbnail\" alt=\"AUTO-DRAFT\" srcset=\"https:\/\/mondopelle.it\/wp-content\/uploads\/2023\/12\/foto-15-12-23-16-55-08-300x300.jpg 300w, https:\/\/mondopelle.it\/wp-content\/uploads\/2023\/12\/foto-15-12-23-16-55-08-1024x1024.jpg 1024w, https:\/\/mondopelle.it\/wp-content\/uploads\/2023\/12\/foto-15-12-23-16-55-08-150x150.jpg 150w, https:\/\/mondopelle.it\/wp-content\/uploads\/2023\/12\/foto-15-12-23-16-55-08-768x768.jpg 768w, https:\/\/mondopelle.it\/wp-content\/uploads\/2023\/12\/foto-15-12-23-16-55-08-600x600.jpg 600w, https:\/\/mondopelle.it\/wp-content\/uploads\/2023\/12\/foto-15-12-23-16-55-08-100x100.jpg 100w, https:\/\/mondopelle.it\/wp-content\/uploads\/2023\/12\/foto-15-12-23-16-55-08-1x1.jpg 1w, https:\/\/mondopelle.it\/wp-content\/uploads\/2023\/12\/foto-15-12-23-16-55-08-10x10.jpg 10w, https:\/\/mondopelle.it\/wp-content\/uploads\/2023\/12\/foto-15-12-23-16-55-08.jpg 1512w\" sizes=\"auto, (max-width: 300px) 100vw, 300px\" \/><span class=\"etheme-product-hover-swap-image\"><img loading=\"lazy\" loading=\"lazy\" decoding=\"async\" width=\"300\" height=\"300\" src=\"https:\/\/mondopelle.it\/wp-content\/uploads\/2023\/12\/foto-15-12-23-16-56-46-300x300.jpg\" class=\"attachment-woocommerce_thumbnail size-woocommerce_thumbnail\" alt=\"AUTO-DRAFT\" srcset=\"https:\/\/mondopelle.it\/wp-content\/uploads\/2023\/12\/foto-15-12-23-16-56-46-300x300.jpg 300w, https:\/\/mondopelle.it\/wp-content\/uploads\/2023\/12\/foto-15-12-23-16-56-46-1024x1024.jpg 1024w, https:\/\/mondopelle.it\/wp-content\/uploads\/2023\/12\/foto-15-12-23-16-56-46-150x150.jpg 150w, https:\/\/mondopelle.it\/wp-content\/uploads\/2023\/12\/foto-15-12-23-16-56-46-768x768.jpg 768w, https:\/\/mondopelle.it\/wp-content\/uploads\/2023\/12\/foto-15-12-23-16-56-46-600x600.jpg 600w, https:\/\/mondopelle.it\/wp-content\/uploads\/2023\/12\/foto-15-12-23-16-56-46-100x100.jpg 100w, https:\/\/mondopelle.it\/wp-content\/uploads\/2023\/12\/foto-15-12-23-16-56-46-1x1.jpg 1w, https:\/\/mondopelle.it\/wp-content\/uploads\/2023\/12\/foto-15-12-23-16-56-46-10x10.jpg 10w, https:\/\/mondopelle.it\/wp-content\/uploads\/2023\/12\/foto-15-12-23-16-56-46.jpg 1512w\" sizes=\"auto, (max-width: 300px) 100vw, 300px\" \/><\/span><\/a>                         <footer>\n                             <div class=\"footer-inner\"><a href=\"https:\/\/mondopelle.it\/fr\/shop\/accessoires\/sacs\/sac-portefeuille-sara-burglar-althea-1230\/\" aria-describedby=\"woocommerce_loop_add_to_cart_link_describedby_43470\" data-quantity=\"1\" class=\"button product_type_variable add_to_cart_button\" data-product_id=\"43470\" data-product_sku=\"Althea 1230\" aria-label=\"S\u00e9lectionner les options pour &ldquo;Sac portefeuille Sara Burglar Althea 1230&rdquo;\" rel=\"nofollow\" data-product_name=\"Sac portefeuille Sara Burglar Althea 1230\"><svg fill=\"currentColor\" xmlns=\"http:\/\/www.w3.org\/2000\/svg\" width=\"1em\" height=\"1em\" viewBox=\"0 0 24 24\">\n<path d=\"M23.76 4.248c-0.096-0.096-0.24-0.24-0.504-0.24h-18.48l-0.48-2.4c-0.024-0.288-0.384-0.528-0.624-0.528h-2.952c-0.384 0-0.624 0.264-0.624 0.624s0.264 0.648 0.624 0.648h2.424l2.328 11.832c0.312 1.608 1.848 2.856 3.48 2.856h11.28c0.384 0 0.624-0.264 0.624-0.624s-0.264-0.624-0.624-0.624h-11.16c-0.696 0-1.344-0.312-1.704-0.816l14.064-1.92c0.264 0 0.528-0.24 0.528-0.528l1.968-7.824v-0.024c-0.024-0.048-0.024-0.288-0.168-0.432zM22.392 5.184l-1.608 6.696-14.064 1.824-1.704-8.52h17.376zM8.568 17.736c-1.464 0-2.592 1.128-2.592 2.592s1.128 2.592 2.592 2.592c1.464 0 2.592-1.128 2.592-2.592s-1.128-2.592-2.592-2.592zM9.888 20.328c0 0.696-0.624 1.32-1.32 1.32s-1.32-0.624-1.32-1.32 0.624-1.32 1.32-1.32 1.32 0.624 1.32 1.32zM18.36 17.736c-1.464 0-2.592 1.128-2.592 2.592s1.128 2.592 2.592 2.592c1.464 0 2.592-1.128 2.592-2.592s-1.128-2.592-2.592-2.592zM19.704 20.328c0 0.696-0.624 1.32-1.32 1.32s-1.344-0.6-1.344-1.32 0.624-1.32 1.32-1.32 1.344 0.624 1.344 1.32z\"><\/path>\n<\/svg><\/a>\t<span id=\"woocommerce_loop_add_to_cart_link_describedby_43470\" class=\"screen-reader-text\">\n\t\tCe produit a plusieurs variations. Les options peuvent \u00eatre choisies sur la page du produit\t<\/span>\n        <a href=\"https:\/\/mondopelle.it\/fr\/mon-compte\/?et-wishlist-page&#038;add_to_wishlist=43418\" rel=\"nofollow noopener\" class='xstore-wishlist xstore-wishlist-icon xstore-wishlist-has-animation' data-action='add' data-id='43418' data-settings='{\"iconAdd\":\"et-heart\",\"iconRemove\":\"et-heart-o\",\"addText\":\"Ajouter \\u00e0 ma liste de favoris\",\"removeText\":\"Supprimer de mes favoris\"}'>\n                                <span class=\"et-icon et-heart\"><\/span>\n                        <\/a>\n        <\/div>                         <\/footer>\n                 <\/div><div class=\"etheme-product-grid-content\"><h2 class=\"woocommerce-loop-product__title etheme-product-grid-title\"><a href=\"https:\/\/mondopelle.it\/fr\/shop\/accessoires\/sacs\/sac-portefeuille-sara-burglar-althea-1230\/\">Sac portefeuille Sara Burglar Althea 1230<\/a><\/h2>\n\t<span class=\"price\"><span class=\"woocommerce-Price-amount amount\"><bdi>75,00&nbsp;<span class=\"woocommerce-Price-currencySymbol\">&euro;<\/span><\/bdi><\/span><span class='variableshopmessage'><\/span><\/span>\n<\/div>        <\/div>\n        <\/div><div class=\"swiper-slide\">        \n        <div class=\"etheme-product-grid-item etheme-product-hover-mask3 etheme-product-hover-mode-white etheme-product-image-hover-swap product type-product post-69060 status-publish instock product_cat-accessoires product_cat-sacs has-post-thumbnail sale shipping-taxable purchasable product-type-variable\">\n        \n        <div class=\"etheme-product-grid-image\"><a href=\"https:\/\/mondopelle.it\/fr\/shop\/accessoires\/sacs\/sac-sara-burglar-erika-2491-copia-2\/\"><img loading=\"lazy\" loading=\"lazy\" decoding=\"async\" width=\"300\" height=\"300\" src=\"https:\/\/mondopelle.it\/wp-content\/uploads\/2024\/10\/Foto-04-10-24-23-34-54-1-300x300.jpg\" class=\"attachment-woocommerce_thumbnail size-woocommerce_thumbnail\" alt=\"Borsa Sara Burglar Gloria\" srcset=\"https:\/\/mondopelle.it\/wp-content\/uploads\/2024\/10\/Foto-04-10-24-23-34-54-1-300x300.jpg 300w, https:\/\/mondopelle.it\/wp-content\/uploads\/2024\/10\/Foto-04-10-24-23-34-54-1-1024x1024.jpg 1024w, https:\/\/mondopelle.it\/wp-content\/uploads\/2024\/10\/Foto-04-10-24-23-34-54-1-150x150.jpg 150w, https:\/\/mondopelle.it\/wp-content\/uploads\/2024\/10\/Foto-04-10-24-23-34-54-1-768x768.jpg 768w, https:\/\/mondopelle.it\/wp-content\/uploads\/2024\/10\/Foto-04-10-24-23-34-54-1-600x600.jpg 600w, https:\/\/mondopelle.it\/wp-content\/uploads\/2024\/10\/Foto-04-10-24-23-34-54-1-100x100.jpg 100w, https:\/\/mondopelle.it\/wp-content\/uploads\/2024\/10\/Foto-04-10-24-23-34-54-1-1x1.jpg 1w, https:\/\/mondopelle.it\/wp-content\/uploads\/2024\/10\/Foto-04-10-24-23-34-54-1-10x10.jpg 10w, https:\/\/mondopelle.it\/wp-content\/uploads\/2024\/10\/Foto-04-10-24-23-34-54-1.jpg 1512w\" sizes=\"auto, (max-width: 300px) 100vw, 300px\" \/><span class=\"etheme-product-hover-swap-image\"><img loading=\"lazy\" loading=\"lazy\" decoding=\"async\" width=\"300\" height=\"300\" src=\"https:\/\/mondopelle.it\/wp-content\/uploads\/2024\/10\/Foto-04-10-24-23-34-54-300x300.jpg\" class=\"attachment-woocommerce_thumbnail size-woocommerce_thumbnail\" alt=\"Borsa Sara Burglar Gloria\" srcset=\"https:\/\/mondopelle.it\/wp-content\/uploads\/2024\/10\/Foto-04-10-24-23-34-54-300x300.jpg 300w, https:\/\/mondopelle.it\/wp-content\/uploads\/2024\/10\/Foto-04-10-24-23-34-54-1024x1024.jpg 1024w, https:\/\/mondopelle.it\/wp-content\/uploads\/2024\/10\/Foto-04-10-24-23-34-54-150x150.jpg 150w, https:\/\/mondopelle.it\/wp-content\/uploads\/2024\/10\/Foto-04-10-24-23-34-54-768x768.jpg 768w, https:\/\/mondopelle.it\/wp-content\/uploads\/2024\/10\/Foto-04-10-24-23-34-54-600x600.jpg 600w, https:\/\/mondopelle.it\/wp-content\/uploads\/2024\/10\/Foto-04-10-24-23-34-54-100x100.jpg 100w, https:\/\/mondopelle.it\/wp-content\/uploads\/2024\/10\/Foto-04-10-24-23-34-54-1x1.jpg 1w, https:\/\/mondopelle.it\/wp-content\/uploads\/2024\/10\/Foto-04-10-24-23-34-54-10x10.jpg 10w, https:\/\/mondopelle.it\/wp-content\/uploads\/2024\/10\/Foto-04-10-24-23-34-54.jpg 1512w\" sizes=\"auto, (max-width: 300px) 100vw, 300px\" \/><\/span><\/a>                         <footer>\n                             <div class=\"footer-inner\"><a href=\"https:\/\/mondopelle.it\/fr\/shop\/accessoires\/sacs\/sac-sara-burglar-erika-2491-copia-2\/\" aria-describedby=\"woocommerce_loop_add_to_cart_link_describedby_69060\" data-quantity=\"1\" class=\"button product_type_variable add_to_cart_button\" data-product_id=\"69060\" data-product_sku=\"Gloria 2458\" aria-label=\"S\u00e9lectionner les options pour &ldquo;Sac Sara Burglar Gloria 2458&rdquo;\" rel=\"nofollow\" data-product_name=\"Sac Sara Burglar Gloria 2458\"><svg fill=\"currentColor\" xmlns=\"http:\/\/www.w3.org\/2000\/svg\" width=\"1em\" height=\"1em\" viewBox=\"0 0 24 24\">\n<path d=\"M23.76 4.248c-0.096-0.096-0.24-0.24-0.504-0.24h-18.48l-0.48-2.4c-0.024-0.288-0.384-0.528-0.624-0.528h-2.952c-0.384 0-0.624 0.264-0.624 0.624s0.264 0.648 0.624 0.648h2.424l2.328 11.832c0.312 1.608 1.848 2.856 3.48 2.856h11.28c0.384 0 0.624-0.264 0.624-0.624s-0.264-0.624-0.624-0.624h-11.16c-0.696 0-1.344-0.312-1.704-0.816l14.064-1.92c0.264 0 0.528-0.24 0.528-0.528l1.968-7.824v-0.024c-0.024-0.048-0.024-0.288-0.168-0.432zM22.392 5.184l-1.608 6.696-14.064 1.824-1.704-8.52h17.376zM8.568 17.736c-1.464 0-2.592 1.128-2.592 2.592s1.128 2.592 2.592 2.592c1.464 0 2.592-1.128 2.592-2.592s-1.128-2.592-2.592-2.592zM9.888 20.328c0 0.696-0.624 1.32-1.32 1.32s-1.32-0.624-1.32-1.32 0.624-1.32 1.32-1.32 1.32 0.624 1.32 1.32zM18.36 17.736c-1.464 0-2.592 1.128-2.592 2.592s1.128 2.592 2.592 2.592c1.464 0 2.592-1.128 2.592-2.592s-1.128-2.592-2.592-2.592zM19.704 20.328c0 0.696-0.624 1.32-1.32 1.32s-1.344-0.6-1.344-1.32 0.624-1.32 1.32-1.32 1.344 0.624 1.344 1.32z\"><\/path>\n<\/svg><\/a>\t<span id=\"woocommerce_loop_add_to_cart_link_describedby_69060\" class=\"screen-reader-text\">\n\t\tCe produit a plusieurs variations. Les options peuvent \u00eatre choisies sur la page du produit\t<\/span>\n        <a href=\"https:\/\/mondopelle.it\/fr\/mon-compte\/?et-wishlist-page&#038;add_to_wishlist=69051\" rel=\"nofollow noopener\" class='xstore-wishlist xstore-wishlist-icon xstore-wishlist-has-animation' data-action='add' data-id='69051' data-settings='{\"iconAdd\":\"et-heart\",\"iconRemove\":\"et-heart-o\",\"addText\":\"Ajouter \\u00e0 ma liste de favoris\",\"removeText\":\"Supprimer de mes favoris\"}'>\n                                <span class=\"et-icon et-heart\"><\/span>\n                        <\/a>\n        <\/div>                         <\/footer>\n                 <\/div><div class=\"etheme-product-grid-content\"><h2 class=\"woocommerce-loop-product__title etheme-product-grid-title\"><a href=\"https:\/\/mondopelle.it\/fr\/shop\/accessoires\/sacs\/sac-sara-burglar-erika-2491-copia-2\/\">Sac Sara Burglar Gloria 2458<\/a><\/h2>\n\t<span class=\"price\"><del aria-hidden=\"true\"><span class=\"woocommerce-Price-amount amount\"><bdi>139,00&nbsp;<span class=\"woocommerce-Price-currencySymbol\">&euro;<\/span><\/bdi><\/span><\/del> <span class=\"screen-reader-text\">Le prix initial \u00e9tait\u00a0: 139,00&nbsp;&euro;.<\/span><ins aria-hidden=\"true\"><span class=\"woocommerce-Price-amount amount\"><bdi>119,00&nbsp;<span class=\"woocommerce-Price-currencySymbol\">&euro;<\/span><\/bdi><\/span><\/ins><span class=\"screen-reader-text\">Le prix actuel est\u00a0: 119,00&nbsp;&euro;.<\/span><span class='variableshopmessage'><\/span><\/span>\n<\/div>        <\/div>\n        <\/div><div class=\"swiper-slide\">        \n        <div class=\"etheme-product-grid-item etheme-product-hover-mask3 etheme-product-hover-mode-white etheme-product-image-hover-swap product type-product post-69549 status-publish instock product_cat-accessoires product_cat-sacs has-post-thumbnail shipping-taxable purchasable product-type-variable has-default-attributes\">\n        \n        <div class=\"etheme-product-grid-image\"><a href=\"https:\/\/mondopelle.it\/fr\/shop\/accessoires\/sacs\/sac-tisse-ghibli-4507-copia-copia\/\"><img loading=\"lazy\" loading=\"lazy\" decoding=\"async\" width=\"300\" height=\"300\" src=\"https:\/\/mondopelle.it\/wp-content\/uploads\/2024\/10\/Foto-19-10-24-21-33-42-3-1-300x300.jpg\" class=\"attachment-woocommerce_thumbnail size-woocommerce_thumbnail\" alt=\"Sac tress\u00e9 Ghibli 4507 (Copie)\" srcset=\"https:\/\/mondopelle.it\/wp-content\/uploads\/2024\/10\/Foto-19-10-24-21-33-42-3-1-300x300.jpg 300w, https:\/\/mondopelle.it\/wp-content\/uploads\/2024\/10\/Foto-19-10-24-21-33-42-3-1-1024x1024.jpg 1024w, https:\/\/mondopelle.it\/wp-content\/uploads\/2024\/10\/Foto-19-10-24-21-33-42-3-1-150x150.jpg 150w, https:\/\/mondopelle.it\/wp-content\/uploads\/2024\/10\/Foto-19-10-24-21-33-42-3-1-768x768.jpg 768w, https:\/\/mondopelle.it\/wp-content\/uploads\/2024\/10\/Foto-19-10-24-21-33-42-3-1-1536x1536.jpg 1536w, https:\/\/mondopelle.it\/wp-content\/uploads\/2024\/10\/Foto-19-10-24-21-33-42-3-1-2048x2048.jpg 2048w, https:\/\/mondopelle.it\/wp-content\/uploads\/2024\/10\/Foto-19-10-24-21-33-42-3-1-600x600.jpg 600w, https:\/\/mondopelle.it\/wp-content\/uploads\/2024\/10\/Foto-19-10-24-21-33-42-3-1-100x100.jpg 100w, https:\/\/mondopelle.it\/wp-content\/uploads\/2024\/10\/Foto-19-10-24-21-33-42-3-1-1x1.jpg 1w, https:\/\/mondopelle.it\/wp-content\/uploads\/2024\/10\/Foto-19-10-24-21-33-42-3-1-10x10.jpg 10w, https:\/\/mondopelle.it\/wp-content\/uploads\/2024\/10\/Foto-19-10-24-21-33-42-3-1-scaled.jpg 1920w\" sizes=\"auto, (max-width: 300px) 100vw, 300px\" \/><span class=\"etheme-product-hover-swap-image\"><img loading=\"lazy\" loading=\"lazy\" decoding=\"async\" width=\"300\" height=\"300\" src=\"https:\/\/mondopelle.it\/wp-content\/uploads\/2024\/10\/Photoroom-20240503-185516-300x300.jpg\" class=\"attachment-woocommerce_thumbnail size-woocommerce_thumbnail\" alt=\"Sac tress\u00e9 Ghibli 4738\" srcset=\"https:\/\/mondopelle.it\/wp-content\/uploads\/2024\/10\/Photoroom-20240503-185516-300x300.jpg 300w, https:\/\/mondopelle.it\/wp-content\/uploads\/2024\/10\/Photoroom-20240503-185516-1024x1024.jpg 1024w, https:\/\/mondopelle.it\/wp-content\/uploads\/2024\/10\/Photoroom-20240503-185516-150x150.jpg 150w, https:\/\/mondopelle.it\/wp-content\/uploads\/2024\/10\/Photoroom-20240503-185516-768x768.jpg 768w, https:\/\/mondopelle.it\/wp-content\/uploads\/2024\/10\/Photoroom-20240503-185516-600x600.jpg 600w, https:\/\/mondopelle.it\/wp-content\/uploads\/2024\/10\/Photoroom-20240503-185516-100x100.jpg 100w, https:\/\/mondopelle.it\/wp-content\/uploads\/2024\/10\/Photoroom-20240503-185516-1x1.jpg 1w, https:\/\/mondopelle.it\/wp-content\/uploads\/2024\/10\/Photoroom-20240503-185516-10x10.jpg 10w, https:\/\/mondopelle.it\/wp-content\/uploads\/2024\/10\/Photoroom-20240503-185516.jpg 1512w\" sizes=\"auto, (max-width: 300px) 100vw, 300px\" \/><\/span><\/a>                         <footer>\n                             <div class=\"footer-inner\"><a href=\"https:\/\/mondopelle.it\/fr\/shop\/accessoires\/sacs\/sac-tisse-ghibli-4507-copia-copia\/\" aria-describedby=\"woocommerce_loop_add_to_cart_link_describedby_69549\" data-quantity=\"1\" class=\"button product_type_variable add_to_cart_button\" data-product_id=\"69549\" data-product_sku=\"4738\" aria-label=\"S\u00e9lectionner les options pour &ldquo;Sac tress\u00e9 Ghibli 4738&rdquo;\" rel=\"nofollow\" data-product_name=\"Sac tress\u00e9 Ghibli 4738\"><svg fill=\"currentColor\" xmlns=\"http:\/\/www.w3.org\/2000\/svg\" width=\"1em\" height=\"1em\" viewBox=\"0 0 24 24\">\n<path d=\"M23.76 4.248c-0.096-0.096-0.24-0.24-0.504-0.24h-18.48l-0.48-2.4c-0.024-0.288-0.384-0.528-0.624-0.528h-2.952c-0.384 0-0.624 0.264-0.624 0.624s0.264 0.648 0.624 0.648h2.424l2.328 11.832c0.312 1.608 1.848 2.856 3.48 2.856h11.28c0.384 0 0.624-0.264 0.624-0.624s-0.264-0.624-0.624-0.624h-11.16c-0.696 0-1.344-0.312-1.704-0.816l14.064-1.92c0.264 0 0.528-0.24 0.528-0.528l1.968-7.824v-0.024c-0.024-0.048-0.024-0.288-0.168-0.432zM22.392 5.184l-1.608 6.696-14.064 1.824-1.704-8.52h17.376zM8.568 17.736c-1.464 0-2.592 1.128-2.592 2.592s1.128 2.592 2.592 2.592c1.464 0 2.592-1.128 2.592-2.592s-1.128-2.592-2.592-2.592zM9.888 20.328c0 0.696-0.624 1.32-1.32 1.32s-1.32-0.624-1.32-1.32 0.624-1.32 1.32-1.32 1.32 0.624 1.32 1.32zM18.36 17.736c-1.464 0-2.592 1.128-2.592 2.592s1.128 2.592 2.592 2.592c1.464 0 2.592-1.128 2.592-2.592s-1.128-2.592-2.592-2.592zM19.704 20.328c0 0.696-0.624 1.32-1.32 1.32s-1.344-0.6-1.344-1.32 0.624-1.32 1.32-1.32 1.344 0.624 1.344 1.32z\"><\/path>\n<\/svg><\/a>\t<span id=\"woocommerce_loop_add_to_cart_link_describedby_69549\" class=\"screen-reader-text\">\n\t\tCe produit a plusieurs variations. Les options peuvent \u00eatre choisies sur la page du produit\t<\/span>\n        <a href=\"https:\/\/mondopelle.it\/fr\/mon-compte\/?et-wishlist-page&#038;add_to_wishlist=69543\" rel=\"nofollow noopener\" class='xstore-wishlist xstore-wishlist-icon xstore-wishlist-has-animation' data-action='add' data-id='69543' data-settings='{\"iconAdd\":\"et-heart\",\"iconRemove\":\"et-heart-o\",\"addText\":\"Ajouter \\u00e0 ma liste de favoris\",\"removeText\":\"Supprimer de mes favoris\"}'>\n                                <span class=\"et-icon et-heart\"><\/span>\n                        <\/a>\n        <\/div>                         <\/footer>\n                 <\/div><div class=\"etheme-product-grid-content\"><h2 class=\"woocommerce-loop-product__title etheme-product-grid-title\"><a href=\"https:\/\/mondopelle.it\/fr\/shop\/accessoires\/sacs\/sac-tisse-ghibli-4507-copia-copia\/\">Sac tress\u00e9 Ghibli 4738<\/a><\/h2>\n\t<span class=\"price\"><span class=\"woocommerce-Price-amount amount\"><bdi>365,00&nbsp;<span class=\"woocommerce-Price-currencySymbol\">&euro;<\/span><\/bdi><\/span><span class='variableshopmessage'><\/span><\/span>\n<\/div>        <\/div>\n        <\/div><div class=\"swiper-slide\">        \n        <div class=\"etheme-product-grid-item etheme-product-hover-mask3 etheme-product-hover-mode-white etheme-product-image-hover-swap product type-product post-79742 status-publish last instock product_cat-accessoires product_cat-sacs has-post-thumbnail sale shipping-taxable purchasable product-type-variable\">\n        \n        <div class=\"etheme-product-grid-image\"><a href=\"https:\/\/mondopelle.it\/fr\/shop\/accessoires\/sacs\/sac-bruno-rossi-ml108\/\"><img loading=\"lazy\" loading=\"lazy\" decoding=\"async\" width=\"300\" height=\"300\" src=\"https:\/\/mondopelle.it\/wp-content\/uploads\/2025\/04\/Foto-21-04-25-16-09-52-4-300x300.jpg\" class=\"attachment-woocommerce_thumbnail size-woocommerce_thumbnail\" alt=\"Sac Bruno Rossi ML108\" srcset=\"https:\/\/mondopelle.it\/wp-content\/uploads\/2025\/04\/Foto-21-04-25-16-09-52-4-300x300.jpg 300w, https:\/\/mondopelle.it\/wp-content\/uploads\/2025\/04\/Foto-21-04-25-16-09-52-4-1024x1024.jpg 1024w, https:\/\/mondopelle.it\/wp-content\/uploads\/2025\/04\/Foto-21-04-25-16-09-52-4-150x150.jpg 150w, https:\/\/mondopelle.it\/wp-content\/uploads\/2025\/04\/Foto-21-04-25-16-09-52-4-768x768.jpg 768w, https:\/\/mondopelle.it\/wp-content\/uploads\/2025\/04\/Foto-21-04-25-16-09-52-4-600x600.jpg 600w, https:\/\/mondopelle.it\/wp-content\/uploads\/2025\/04\/Foto-21-04-25-16-09-52-4-100x100.jpg 100w, https:\/\/mondopelle.it\/wp-content\/uploads\/2025\/04\/Foto-21-04-25-16-09-52-4-1x1.jpg 1w, https:\/\/mondopelle.it\/wp-content\/uploads\/2025\/04\/Foto-21-04-25-16-09-52-4-10x10.jpg 10w, https:\/\/mondopelle.it\/wp-content\/uploads\/2025\/04\/Foto-21-04-25-16-09-52-4.jpg 1512w\" sizes=\"auto, (max-width: 300px) 100vw, 300px\" \/><span class=\"etheme-product-hover-swap-image\"><img loading=\"lazy\" loading=\"lazy\" decoding=\"async\" width=\"300\" height=\"300\" src=\"https:\/\/mondopelle.it\/wp-content\/uploads\/2025\/04\/Foto-21-04-25-16-09-52-1-300x300.jpg\" class=\"attachment-woocommerce_thumbnail size-woocommerce_thumbnail\" alt=\"\" srcset=\"https:\/\/mondopelle.it\/wp-content\/uploads\/2025\/04\/Foto-21-04-25-16-09-52-1-300x300.jpg 300w, https:\/\/mondopelle.it\/wp-content\/uploads\/2025\/04\/Foto-21-04-25-16-09-52-1-1024x1024.jpg 1024w, https:\/\/mondopelle.it\/wp-content\/uploads\/2025\/04\/Foto-21-04-25-16-09-52-1-150x150.jpg 150w, https:\/\/mondopelle.it\/wp-content\/uploads\/2025\/04\/Foto-21-04-25-16-09-52-1-768x768.jpg 768w, https:\/\/mondopelle.it\/wp-content\/uploads\/2025\/04\/Foto-21-04-25-16-09-52-1-600x600.jpg 600w, https:\/\/mondopelle.it\/wp-content\/uploads\/2025\/04\/Foto-21-04-25-16-09-52-1-100x100.jpg 100w, https:\/\/mondopelle.it\/wp-content\/uploads\/2025\/04\/Foto-21-04-25-16-09-52-1-1x1.jpg 1w, https:\/\/mondopelle.it\/wp-content\/uploads\/2025\/04\/Foto-21-04-25-16-09-52-1-10x10.jpg 10w, https:\/\/mondopelle.it\/wp-content\/uploads\/2025\/04\/Foto-21-04-25-16-09-52-1.jpg 1512w\" sizes=\"auto, (max-width: 300px) 100vw, 300px\" \/><\/span><\/a>                         <footer>\n                             <div class=\"footer-inner\"><a href=\"https:\/\/mondopelle.it\/fr\/shop\/accessoires\/sacs\/sac-bruno-rossi-ml108\/\" aria-describedby=\"woocommerce_loop_add_to_cart_link_describedby_79742\" data-quantity=\"1\" class=\"button product_type_variable add_to_cart_button\" data-product_id=\"79742\" data-product_sku=\"ML108\" aria-label=\"S\u00e9lectionner les options pour &ldquo;Sac Bruno Rossi ML108&rdquo;\" rel=\"nofollow\" data-product_name=\"Sac Bruno Rossi ML108\"><svg fill=\"currentColor\" xmlns=\"http:\/\/www.w3.org\/2000\/svg\" width=\"1em\" height=\"1em\" viewBox=\"0 0 24 24\">\n<path d=\"M23.76 4.248c-0.096-0.096-0.24-0.24-0.504-0.24h-18.48l-0.48-2.4c-0.024-0.288-0.384-0.528-0.624-0.528h-2.952c-0.384 0-0.624 0.264-0.624 0.624s0.264 0.648 0.624 0.648h2.424l2.328 11.832c0.312 1.608 1.848 2.856 3.48 2.856h11.28c0.384 0 0.624-0.264 0.624-0.624s-0.264-0.624-0.624-0.624h-11.16c-0.696 0-1.344-0.312-1.704-0.816l14.064-1.92c0.264 0 0.528-0.24 0.528-0.528l1.968-7.824v-0.024c-0.024-0.048-0.024-0.288-0.168-0.432zM22.392 5.184l-1.608 6.696-14.064 1.824-1.704-8.52h17.376zM8.568 17.736c-1.464 0-2.592 1.128-2.592 2.592s1.128 2.592 2.592 2.592c1.464 0 2.592-1.128 2.592-2.592s-1.128-2.592-2.592-2.592zM9.888 20.328c0 0.696-0.624 1.32-1.32 1.32s-1.32-0.624-1.32-1.32 0.624-1.32 1.32-1.32 1.32 0.624 1.32 1.32zM18.36 17.736c-1.464 0-2.592 1.128-2.592 2.592s1.128 2.592 2.592 2.592c1.464 0 2.592-1.128 2.592-2.592s-1.128-2.592-2.592-2.592zM19.704 20.328c0 0.696-0.624 1.32-1.32 1.32s-1.344-0.6-1.344-1.32 0.624-1.32 1.32-1.32 1.344 0.624 1.344 1.32z\"><\/path>\n<\/svg><\/a>\t<span id=\"woocommerce_loop_add_to_cart_link_describedby_79742\" class=\"screen-reader-text\">\n\t\tCe produit a plusieurs variations. Les options peuvent \u00eatre choisies sur la page du produit\t<\/span>\n        <a href=\"https:\/\/mondopelle.it\/fr\/mon-compte\/?et-wishlist-page&#038;add_to_wishlist=79727\" rel=\"nofollow noopener\" class='xstore-wishlist xstore-wishlist-icon xstore-wishlist-has-animation' data-action='add' data-id='79727' data-settings='{\"iconAdd\":\"et-heart\",\"iconRemove\":\"et-heart-o\",\"addText\":\"Ajouter \\u00e0 ma liste de favoris\",\"removeText\":\"Supprimer de mes favoris\"}'>\n                                <span class=\"et-icon et-heart\"><\/span>\n                        <\/a>\n        <\/div>                         <\/footer>\n                 <\/div><div class=\"etheme-product-grid-content\"><h2 class=\"woocommerce-loop-product__title etheme-product-grid-title\"><a href=\"https:\/\/mondopelle.it\/fr\/shop\/accessoires\/sacs\/sac-bruno-rossi-ml108\/\">Sac Bruno Rossi ML108<\/a><\/h2>\n\t<span class=\"price\"><del aria-hidden=\"true\"><span class=\"woocommerce-Price-amount amount\"><bdi>149,00&nbsp;<span class=\"woocommerce-Price-currencySymbol\">&euro;<\/span><\/bdi><\/span><\/del> <span class=\"screen-reader-text\">Le prix initial \u00e9tait\u00a0: 149,00&nbsp;&euro;.<\/span><ins aria-hidden=\"true\"><span class=\"woocommerce-Price-amount amount\"><bdi>119,00&nbsp;<span class=\"woocommerce-Price-currencySymbol\">&euro;<\/span><\/bdi><\/span><\/ins><span class=\"screen-reader-text\">Le prix actuel est\u00a0: 119,00&nbsp;&euro;.<\/span><span class='variableshopmessage'><\/span><\/span>\n<\/div>        <\/div>\n        <\/div><div class=\"swiper-slide\">        \n        <div class=\"etheme-product-grid-item etheme-product-hover-mask3 etheme-product-hover-mode-white etheme-product-image-hover-swap product type-product post-80106 status-publish first instock product_cat-accessoires product_cat-sacs product_cat-sacs-a-dos has-post-thumbnail sale shipping-taxable purchasable product-type-variable\">\n        \n        <div class=\"etheme-product-grid-image\"><a href=\"https:\/\/mondopelle.it\/fr\/shop\/accessoires\/sacs\/sac-a-dos-bruno-rossi-ml216\/\"><img loading=\"lazy\" loading=\"lazy\" decoding=\"async\" width=\"300\" height=\"300\" src=\"https:\/\/mondopelle.it\/wp-content\/uploads\/2025\/04\/Foto-21-04-25-17-49-47-17-300x300.jpg\" class=\"attachment-woocommerce_thumbnail size-woocommerce_thumbnail\" alt=\"Sac \u00e0 dos Bruno Rossi ML216\" srcset=\"https:\/\/mondopelle.it\/wp-content\/uploads\/2025\/04\/Foto-21-04-25-17-49-47-17-300x300.jpg 300w, https:\/\/mondopelle.it\/wp-content\/uploads\/2025\/04\/Foto-21-04-25-17-49-47-17-1024x1024.jpg 1024w, https:\/\/mondopelle.it\/wp-content\/uploads\/2025\/04\/Foto-21-04-25-17-49-47-17-150x150.jpg 150w, https:\/\/mondopelle.it\/wp-content\/uploads\/2025\/04\/Foto-21-04-25-17-49-47-17-768x768.jpg 768w, https:\/\/mondopelle.it\/wp-content\/uploads\/2025\/04\/Foto-21-04-25-17-49-47-17-600x600.jpg 600w, https:\/\/mondopelle.it\/wp-content\/uploads\/2025\/04\/Foto-21-04-25-17-49-47-17-100x100.jpg 100w, https:\/\/mondopelle.it\/wp-content\/uploads\/2025\/04\/Foto-21-04-25-17-49-47-17-1x1.jpg 1w, https:\/\/mondopelle.it\/wp-content\/uploads\/2025\/04\/Foto-21-04-25-17-49-47-17-10x10.jpg 10w, https:\/\/mondopelle.it\/wp-content\/uploads\/2025\/04\/Foto-21-04-25-17-49-47-17.jpg 1512w\" sizes=\"auto, (max-width: 300px) 100vw, 300px\" \/><span class=\"etheme-product-hover-swap-image\"><img loading=\"lazy\" loading=\"lazy\" decoding=\"async\" width=\"300\" height=\"300\" src=\"https:\/\/mondopelle.it\/wp-content\/uploads\/2025\/04\/Foto-21-04-25-17-49-47-300x300.jpg\" class=\"attachment-woocommerce_thumbnail size-woocommerce_thumbnail\" alt=\"\" srcset=\"https:\/\/mondopelle.it\/wp-content\/uploads\/2025\/04\/Foto-21-04-25-17-49-47-300x300.jpg 300w, https:\/\/mondopelle.it\/wp-content\/uploads\/2025\/04\/Foto-21-04-25-17-49-47-1024x1024.jpg 1024w, https:\/\/mondopelle.it\/wp-content\/uploads\/2025\/04\/Foto-21-04-25-17-49-47-150x150.jpg 150w, https:\/\/mondopelle.it\/wp-content\/uploads\/2025\/04\/Foto-21-04-25-17-49-47-768x768.jpg 768w, https:\/\/mondopelle.it\/wp-content\/uploads\/2025\/04\/Foto-21-04-25-17-49-47-600x600.jpg 600w, https:\/\/mondopelle.it\/wp-content\/uploads\/2025\/04\/Foto-21-04-25-17-49-47-100x100.jpg 100w, https:\/\/mondopelle.it\/wp-content\/uploads\/2025\/04\/Foto-21-04-25-17-49-47-1x1.jpg 1w, https:\/\/mondopelle.it\/wp-content\/uploads\/2025\/04\/Foto-21-04-25-17-49-47-10x10.jpg 10w, https:\/\/mondopelle.it\/wp-content\/uploads\/2025\/04\/Foto-21-04-25-17-49-47.jpg 1512w\" sizes=\"auto, (max-width: 300px) 100vw, 300px\" \/><\/span><\/a>                         <footer>\n                             <div class=\"footer-inner\"><a href=\"https:\/\/mondopelle.it\/fr\/shop\/accessoires\/sacs\/sac-a-dos-bruno-rossi-ml216\/\" aria-describedby=\"woocommerce_loop_add_to_cart_link_describedby_80106\" data-quantity=\"1\" class=\"button product_type_variable add_to_cart_button\" data-product_id=\"80106\" data-product_sku=\"ML216\" aria-label=\"S\u00e9lectionner les options pour &ldquo;Sac \u00e0 dos Bruno Rossi ML216&rdquo;\" rel=\"nofollow\" data-product_name=\"Sac \u00e0 dos Bruno Rossi ML216\"><svg fill=\"currentColor\" xmlns=\"http:\/\/www.w3.org\/2000\/svg\" width=\"1em\" height=\"1em\" viewBox=\"0 0 24 24\">\n<path d=\"M23.76 4.248c-0.096-0.096-0.24-0.24-0.504-0.24h-18.48l-0.48-2.4c-0.024-0.288-0.384-0.528-0.624-0.528h-2.952c-0.384 0-0.624 0.264-0.624 0.624s0.264 0.648 0.624 0.648h2.424l2.328 11.832c0.312 1.608 1.848 2.856 3.48 2.856h11.28c0.384 0 0.624-0.264 0.624-0.624s-0.264-0.624-0.624-0.624h-11.16c-0.696 0-1.344-0.312-1.704-0.816l14.064-1.92c0.264 0 0.528-0.24 0.528-0.528l1.968-7.824v-0.024c-0.024-0.048-0.024-0.288-0.168-0.432zM22.392 5.184l-1.608 6.696-14.064 1.824-1.704-8.52h17.376zM8.568 17.736c-1.464 0-2.592 1.128-2.592 2.592s1.128 2.592 2.592 2.592c1.464 0 2.592-1.128 2.592-2.592s-1.128-2.592-2.592-2.592zM9.888 20.328c0 0.696-0.624 1.32-1.32 1.32s-1.32-0.624-1.32-1.32 0.624-1.32 1.32-1.32 1.32 0.624 1.32 1.32zM18.36 17.736c-1.464 0-2.592 1.128-2.592 2.592s1.128 2.592 2.592 2.592c1.464 0 2.592-1.128 2.592-2.592s-1.128-2.592-2.592-2.592zM19.704 20.328c0 0.696-0.624 1.32-1.32 1.32s-1.344-0.6-1.344-1.32 0.624-1.32 1.32-1.32 1.344 0.624 1.344 1.32z\"><\/path>\n<\/svg><\/a>\t<span id=\"woocommerce_loop_add_to_cart_link_describedby_80106\" class=\"screen-reader-text\">\n\t\tCe produit a plusieurs variations. Les options peuvent \u00eatre choisies sur la page du produit\t<\/span>\n        <a href=\"https:\/\/mondopelle.it\/fr\/mon-compte\/?et-wishlist-page&#038;add_to_wishlist=80076\" rel=\"nofollow noopener\" class='xstore-wishlist xstore-wishlist-icon xstore-wishlist-has-animation' data-action='add' data-id='80076' data-settings='{\"iconAdd\":\"et-heart\",\"iconRemove\":\"et-heart-o\",\"addText\":\"Ajouter \\u00e0 ma liste de favoris\",\"removeText\":\"Supprimer de mes favoris\"}'>\n                                <span class=\"et-icon et-heart\"><\/span>\n                        <\/a>\n        <\/div>                         <\/footer>\n                 <\/div><div class=\"etheme-product-grid-content\"><h2 class=\"woocommerce-loop-product__title etheme-product-grid-title\"><a href=\"https:\/\/mondopelle.it\/fr\/shop\/accessoires\/sacs\/sac-a-dos-bruno-rossi-ml216\/\">Sac \u00e0 dos Bruno Rossi ML216<\/a><\/h2>\n\t<span class=\"price\"><del aria-hidden=\"true\"><span class=\"woocommerce-Price-amount amount\"><bdi>159,00&nbsp;<span class=\"woocommerce-Price-currencySymbol\">&euro;<\/span><\/bdi><\/span><\/del> <span class=\"screen-reader-text\">Le prix initial \u00e9tait\u00a0: 159,00&nbsp;&euro;.<\/span><ins aria-hidden=\"true\"><span class=\"woocommerce-Price-amount amount\"><bdi>119,00&nbsp;<span class=\"woocommerce-Price-currencySymbol\">&euro;<\/span><\/bdi><\/span><\/ins><span class=\"screen-reader-text\">Le prix actuel est\u00a0: 119,00&nbsp;&euro;.<\/span><span class='variableshopmessage'><\/span><\/span>\n<\/div>        <\/div>\n        <\/div><div class=\"swiper-slide\">        \n        <div class=\"etheme-product-grid-item etheme-product-hover-mask3 etheme-product-hover-mode-white etheme-product-image-hover-swap product type-product post-80631 status-publish instock product_cat-accessoires product_cat-sacs has-post-thumbnail sale shipping-taxable purchasable product-type-variable\">\n        \n        <div class=\"etheme-product-grid-image\"><a href=\"https:\/\/mondopelle.it\/fr\/shop\/accessoires\/sacs\/sac-sara-burglar-tania-leaf-2527\/\"><img loading=\"lazy\" loading=\"lazy\" decoding=\"async\" width=\"300\" height=\"300\" src=\"https:\/\/mondopelle.it\/wp-content\/uploads\/2025\/04\/Photoroom-20260227-075401-300x300.jpeg\" class=\"attachment-woocommerce_thumbnail size-woocommerce_thumbnail\" alt=\"Sac Sara Burglar Tania leaf 2527\" srcset=\"https:\/\/mondopelle.it\/wp-content\/uploads\/2025\/04\/Photoroom-20260227-075401-300x300.jpeg 300w, https:\/\/mondopelle.it\/wp-content\/uploads\/2025\/04\/Photoroom-20260227-075401-1024x1024.jpeg 1024w, https:\/\/mondopelle.it\/wp-content\/uploads\/2025\/04\/Photoroom-20260227-075401-150x150.jpeg 150w, https:\/\/mondopelle.it\/wp-content\/uploads\/2025\/04\/Photoroom-20260227-075401-768x768.jpeg 768w, https:\/\/mondopelle.it\/wp-content\/uploads\/2025\/04\/Photoroom-20260227-075401-600x600.jpeg 600w, https:\/\/mondopelle.it\/wp-content\/uploads\/2025\/04\/Photoroom-20260227-075401-100x100.jpeg 100w, https:\/\/mondopelle.it\/wp-content\/uploads\/2025\/04\/Photoroom-20260227-075401-1x1.jpeg 1w, https:\/\/mondopelle.it\/wp-content\/uploads\/2025\/04\/Photoroom-20260227-075401-10x10.jpeg 10w, https:\/\/mondopelle.it\/wp-content\/uploads\/2025\/04\/Photoroom-20260227-075401.jpeg 1512w\" sizes=\"auto, (max-width: 300px) 100vw, 300px\" \/><\/a>                         <footer>\n                             <div class=\"footer-inner\"><a href=\"https:\/\/mondopelle.it\/fr\/shop\/accessoires\/sacs\/sac-sara-burglar-tania-leaf-2527\/\" aria-describedby=\"woocommerce_loop_add_to_cart_link_describedby_80631\" data-quantity=\"1\" class=\"button product_type_variable add_to_cart_button\" data-product_id=\"80631\" data-product_sku=\"Tania leaf 2527\" aria-label=\"S\u00e9lectionner les options pour &ldquo;Sac Sara Burglar Tania leaf 2527&rdquo;\" rel=\"nofollow\" data-product_name=\"Sac Sara Burglar Tania leaf 2527\"><svg fill=\"currentColor\" xmlns=\"http:\/\/www.w3.org\/2000\/svg\" width=\"1em\" height=\"1em\" viewBox=\"0 0 24 24\">\n<path d=\"M23.76 4.248c-0.096-0.096-0.24-0.24-0.504-0.24h-18.48l-0.48-2.4c-0.024-0.288-0.384-0.528-0.624-0.528h-2.952c-0.384 0-0.624 0.264-0.624 0.624s0.264 0.648 0.624 0.648h2.424l2.328 11.832c0.312 1.608 1.848 2.856 3.48 2.856h11.28c0.384 0 0.624-0.264 0.624-0.624s-0.264-0.624-0.624-0.624h-11.16c-0.696 0-1.344-0.312-1.704-0.816l14.064-1.92c0.264 0 0.528-0.24 0.528-0.528l1.968-7.824v-0.024c-0.024-0.048-0.024-0.288-0.168-0.432zM22.392 5.184l-1.608 6.696-14.064 1.824-1.704-8.52h17.376zM8.568 17.736c-1.464 0-2.592 1.128-2.592 2.592s1.128 2.592 2.592 2.592c1.464 0 2.592-1.128 2.592-2.592s-1.128-2.592-2.592-2.592zM9.888 20.328c0 0.696-0.624 1.32-1.32 1.32s-1.32-0.624-1.32-1.32 0.624-1.32 1.32-1.32 1.32 0.624 1.32 1.32zM18.36 17.736c-1.464 0-2.592 1.128-2.592 2.592s1.128 2.592 2.592 2.592c1.464 0 2.592-1.128 2.592-2.592s-1.128-2.592-2.592-2.592zM19.704 20.328c0 0.696-0.624 1.32-1.32 1.32s-1.344-0.6-1.344-1.32 0.624-1.32 1.32-1.32 1.344 0.624 1.344 1.32z\"><\/path>\n<\/svg><\/a>\t<span id=\"woocommerce_loop_add_to_cart_link_describedby_80631\" class=\"screen-reader-text\">\n\t\tCe produit a plusieurs variations. Les options peuvent \u00eatre choisies sur la page du produit\t<\/span>\n        <a href=\"https:\/\/mondopelle.it\/fr\/mon-compte\/?et-wishlist-page&#038;add_to_wishlist=80622\" rel=\"nofollow noopener\" class='xstore-wishlist xstore-wishlist-icon xstore-wishlist-has-animation' data-action='add' data-id='80622' data-settings='{\"iconAdd\":\"et-heart\",\"iconRemove\":\"et-heart-o\",\"addText\":\"Ajouter \\u00e0 ma liste de favoris\",\"removeText\":\"Supprimer de mes favoris\"}'>\n                                <span class=\"et-icon et-heart\"><\/span>\n                        <\/a>\n        <\/div>                         <\/footer>\n                 <\/div><div class=\"etheme-product-grid-content\"><h2 class=\"woocommerce-loop-product__title etheme-product-grid-title\"><a href=\"https:\/\/mondopelle.it\/fr\/shop\/accessoires\/sacs\/sac-sara-burglar-tania-leaf-2527\/\">Sac Sara Burglar Tania leaf 2527<\/a><\/h2>\n\t<span class=\"price\"><del aria-hidden=\"true\"><span class=\"woocommerce-Price-amount amount\"><bdi>125,00&nbsp;<span class=\"woocommerce-Price-currencySymbol\">&euro;<\/span><\/bdi><\/span><\/del> <span class=\"screen-reader-text\">Le prix initial \u00e9tait\u00a0: 125,00&nbsp;&euro;.<\/span><ins aria-hidden=\"true\"><span class=\"woocommerce-Price-amount amount\"><bdi>80,00&nbsp;<span class=\"woocommerce-Price-currencySymbol\">&euro;<\/span><\/bdi><\/span><\/ins><span class=\"screen-reader-text\">Le prix actuel est\u00a0: 80,00&nbsp;&euro;.<\/span><span class='variableshopmessage'><\/span><\/span>\n<\/div>        <\/div>\n        <\/div>                        <\/div>\n                        \n                        \t\t<div class=\"swiper-button-prev swiper-custom-left et-swiper-elementor-nav type-arrow style-4\"><\/div>\n\t\t<div class=\"swiper-button-next swiper-custom-right et-swiper-elementor-nav type-arrow style-4\"><\/div>\n\t\t                    <\/div>\n                                    <\/div>\n                    \t\t\t\t<\/div>\n\t\t\t\t<\/div>\n\t\t\t\t\t<\/div>\n\t\t\t\t<\/div>\n\t\t\t\t<\/div>\n\t\t","protected":false},"excerpt":{"rendered":"<p>Les tendances de la mode observ\u00e9es sur les podiums se retrouvent d\u00e9j\u00e0 dans la rue, mais cela ne signifie pas que nous devons n\u00e9cessairement abandonner notre garde-robe actuelle pour suivre la mode. Au contraire, ces tendances permettent d&#8217;actualiser et de rendre encore plus chics nos v\u00eatements et accessoires de tous les jours. Les tendances actuelles de la mode peuvent \u00eatre adapt\u00e9es et incorpor\u00e9es de mani\u00e8re cr\u00e9ative \u00e0 notre style personnel sans avoir \u00e0 vider notre&#8230;<\/p>\n","protected":false},"author":1,"featured_media":27871,"comment_status":"closed","ping_status":"closed","sticky":false,"template":"","format":"standard","meta":{"footnotes":""},"categories":[1166],"tags":[],"class_list":["post-27860","post","type-post","status-publish","format-standard","has-post-thumbnail","hentry","category-sacs"],"yoast_head":"<!-- This site is optimized with the Yoast SEO plugin v27.5 - https:\/\/yoast.com\/product\/yoast-seo-wordpress\/ -->\n<title>Tendances des sacs pour l&#039;automne-hiver - Mondopelle<\/title>\n<meta name=\"description\" content=\"Chaussures en cuir v\u00e9ritable \u00e0 la mode pour femmes et hommes Vente en ligne avec livraison gratuite et paiement \u00e0 la livraison\" \/>\n<meta name=\"robots\" content=\"index, follow, max-snippet:-1, max-image-preview:large, max-video-preview:-1\" \/>\n<link rel=\"canonical\" href=\"https:\/\/mondopelle.it\/fr\/tendances-des-sacs-pour-lautomne-hiver\/\" \/>\n<meta property=\"og:locale\" content=\"fr_FR\" \/>\n<meta property=\"og:type\" content=\"article\" \/>\n<meta property=\"og:title\" content=\"Tendances des sacs pour l&#039;automne-hiver - Mondopelle\" \/>\n<meta property=\"og:description\" content=\"Chaussures en cuir v\u00e9ritable \u00e0 la mode pour femmes et hommes Vente en ligne avec livraison gratuite et paiement \u00e0 la livraison\" \/>\n<meta property=\"og:url\" content=\"https:\/\/mondopelle.it\/fr\/tendances-des-sacs-pour-lautomne-hiver\/\" \/>\n<meta property=\"og:site_name\" content=\"Mondopelle\" \/>\n<meta property=\"article:publisher\" content=\"https:\/\/www.facebook.com\/mondopelle\/\" \/>\n<meta property=\"article:published_time\" content=\"2023-08-15T10:09:23+00:00\" \/>\n<meta property=\"article:modified_time\" content=\"2023-10-09T14:11:11+00:00\" \/>\n<meta property=\"og:image\" content=\"https:\/\/mondopelle.it\/wp-content\/uploads\/2023\/08\/photoroom_20230817_113753-e1692265197410.jpg\" \/>\n\t<meta property=\"og:image:width\" content=\"1350\" \/>\n\t<meta property=\"og:image:height\" content=\"1152\" \/>\n\t<meta property=\"og:image:type\" content=\"image\/jpeg\" \/>\n<meta name=\"author\" content=\"mondopelle\" \/>\n<meta name=\"twitter:card\" content=\"summary_large_image\" \/>\n<meta name=\"twitter:label1\" content=\"\u00c9crit par\" \/>\n\t<meta name=\"twitter:data1\" content=\"mondopelle\" \/>\n\t<meta name=\"twitter:label2\" content=\"Dur\u00e9e de lecture estim\u00e9e\" \/>\n\t<meta name=\"twitter:data2\" content=\"6 minutes\" \/>\n<script type=\"application\/ld+json\" class=\"yoast-schema-graph\">{\"@context\":\"https:\\\/\\\/schema.org\",\"@graph\":[{\"@type\":\"Article\",\"@id\":\"https:\\\/\\\/mondopelle.it\\\/fr\\\/tendances-des-sacs-pour-lautomne-hiver\\\/#article\",\"isPartOf\":{\"@id\":\"https:\\\/\\\/mondopelle.it\\\/fr\\\/tendances-des-sacs-pour-lautomne-hiver\\\/\"},\"author\":{\"name\":\"mondopelle\",\"@id\":\"https:\\\/\\\/mondopelle.it\\\/fr\\\/#\\\/schema\\\/person\\\/5462d4b0518356b4000fb0efe5c87fbf\"},\"headline\":\"Tendances des sacs pour l&#8217;automne-hiver\",\"datePublished\":\"2023-08-15T10:09:23+00:00\",\"dateModified\":\"2023-10-09T14:11:11+00:00\",\"mainEntityOfPage\":{\"@id\":\"https:\\\/\\\/mondopelle.it\\\/fr\\\/tendances-des-sacs-pour-lautomne-hiver\\\/\"},\"wordCount\":1278,\"publisher\":{\"@id\":\"https:\\\/\\\/mondopelle.it\\\/fr\\\/#organization\"},\"image\":{\"@id\":\"https:\\\/\\\/mondopelle.it\\\/fr\\\/tendances-des-sacs-pour-lautomne-hiver\\\/#primaryimage\"},\"thumbnailUrl\":\"https:\\\/\\\/mondopelle.it\\\/wp-content\\\/uploads\\\/2023\\\/08\\\/photoroom_20230817_113753-e1692265197410.jpg\",\"articleSection\":[\"Sacs\"],\"inLanguage\":\"fr-FR\"},{\"@type\":\"WebPage\",\"@id\":\"https:\\\/\\\/mondopelle.it\\\/fr\\\/tendances-des-sacs-pour-lautomne-hiver\\\/\",\"url\":\"https:\\\/\\\/mondopelle.it\\\/fr\\\/tendances-des-sacs-pour-lautomne-hiver\\\/\",\"name\":\"Tendances des sacs pour l'automne-hiver - Mondopelle\",\"isPartOf\":{\"@id\":\"https:\\\/\\\/mondopelle.it\\\/fr\\\/#website\"},\"primaryImageOfPage\":{\"@id\":\"https:\\\/\\\/mondopelle.it\\\/fr\\\/tendances-des-sacs-pour-lautomne-hiver\\\/#primaryimage\"},\"image\":{\"@id\":\"https:\\\/\\\/mondopelle.it\\\/fr\\\/tendances-des-sacs-pour-lautomne-hiver\\\/#primaryimage\"},\"thumbnailUrl\":\"https:\\\/\\\/mondopelle.it\\\/wp-content\\\/uploads\\\/2023\\\/08\\\/photoroom_20230817_113753-e1692265197410.jpg\",\"datePublished\":\"2023-08-15T10:09:23+00:00\",\"dateModified\":\"2023-10-09T14:11:11+00:00\",\"description\":\"Chaussures en cuir v\u00e9ritable \u00e0 la mode pour femmes et hommes Vente en ligne avec livraison gratuite et paiement \u00e0 la livraison\",\"breadcrumb\":{\"@id\":\"https:\\\/\\\/mondopelle.it\\\/fr\\\/tendances-des-sacs-pour-lautomne-hiver\\\/#breadcrumb\"},\"inLanguage\":\"fr-FR\",\"potentialAction\":[{\"@type\":\"ReadAction\",\"target\":[\"https:\\\/\\\/mondopelle.it\\\/fr\\\/tendances-des-sacs-pour-lautomne-hiver\\\/\"]}]},{\"@type\":\"ImageObject\",\"inLanguage\":\"fr-FR\",\"@id\":\"https:\\\/\\\/mondopelle.it\\\/fr\\\/tendances-des-sacs-pour-lautomne-hiver\\\/#primaryimage\",\"url\":\"https:\\\/\\\/mondopelle.it\\\/wp-content\\\/uploads\\\/2023\\\/08\\\/photoroom_20230817_113753-e1692265197410.jpg\",\"contentUrl\":\"https:\\\/\\\/mondopelle.it\\\/wp-content\\\/uploads\\\/2023\\\/08\\\/photoroom_20230817_113753-e1692265197410.jpg\",\"width\":1350,\"height\":1152,\"caption\":\"Tendenze borse autunno-inverno\"},{\"@type\":\"BreadcrumbList\",\"@id\":\"https:\\\/\\\/mondopelle.it\\\/fr\\\/tendances-des-sacs-pour-lautomne-hiver\\\/#breadcrumb\",\"itemListElement\":[{\"@type\":\"ListItem\",\"position\":1,\"name\":\"Page d'accueil\",\"item\":\"https:\\\/\\\/mondopelle.it\\\/fr\\\/home-new\\\/\"},{\"@type\":\"ListItem\",\"position\":2,\"name\":\"Tendances des sacs pour l&#8217;automne-hiver\"}]},{\"@type\":\"WebSite\",\"@id\":\"https:\\\/\\\/mondopelle.it\\\/fr\\\/#website\",\"url\":\"https:\\\/\\\/mondopelle.it\\\/fr\\\/\",\"name\":\"Mondopelle\",\"description\":\"\",\"publisher\":{\"@id\":\"https:\\\/\\\/mondopelle.it\\\/fr\\\/#organization\"},\"potentialAction\":[{\"@type\":\"SearchAction\",\"target\":{\"@type\":\"EntryPoint\",\"urlTemplate\":\"https:\\\/\\\/mondopelle.it\\\/fr\\\/?s={search_term_string}\"},\"query-input\":{\"@type\":\"PropertyValueSpecification\",\"valueRequired\":true,\"valueName\":\"search_term_string\"}}],\"inLanguage\":\"fr-FR\"},{\"@type\":\"Organization\",\"@id\":\"https:\\\/\\\/mondopelle.it\\\/fr\\\/#organization\",\"name\":\"Mondopelle\",\"url\":\"https:\\\/\\\/mondopelle.it\\\/fr\\\/\",\"logo\":{\"@type\":\"ImageObject\",\"inLanguage\":\"fr-FR\",\"@id\":\"https:\\\/\\\/mondopelle.it\\\/fr\\\/#\\\/schema\\\/logo\\\/image\\\/\",\"url\":\"https:\\\/\\\/mondopelle.it\\\/wp-content\\\/uploads\\\/2023\\\/07\\\/logo_mp-283x55-1.png\",\"contentUrl\":\"https:\\\/\\\/mondopelle.it\\\/wp-content\\\/uploads\\\/2023\\\/07\\\/logo_mp-283x55-1.png\",\"width\":283,\"height\":55,\"caption\":\"Mondopelle\"},\"image\":{\"@id\":\"https:\\\/\\\/mondopelle.it\\\/fr\\\/#\\\/schema\\\/logo\\\/image\\\/\"},\"sameAs\":[\"https:\\\/\\\/www.facebook.com\\\/mondopelle\\\/\",\"https:\\\/\\\/www.instagram.com\\\/mondopelle\\\/\"]},{\"@type\":\"Person\",\"@id\":\"https:\\\/\\\/mondopelle.it\\\/fr\\\/#\\\/schema\\\/person\\\/5462d4b0518356b4000fb0efe5c87fbf\",\"name\":\"mondopelle\",\"sameAs\":[\"https:\\\/\\\/mondopelle.it\"]}]}<\/script>\n<!-- \/ Yoast SEO plugin. -->","yoast_head_json":{"title":"Tendances des sacs pour l'automne-hiver - Mondopelle","description":"Chaussures en cuir v\u00e9ritable \u00e0 la mode pour femmes et hommes Vente en ligne avec livraison gratuite et paiement \u00e0 la livraison","robots":{"index":"index","follow":"follow","max-snippet":"max-snippet:-1","max-image-preview":"max-image-preview:large","max-video-preview":"max-video-preview:-1"},"canonical":"https:\/\/mondopelle.it\/fr\/tendances-des-sacs-pour-lautomne-hiver\/","og_locale":"fr_FR","og_type":"article","og_title":"Tendances des sacs pour l'automne-hiver - Mondopelle","og_description":"Chaussures en cuir v\u00e9ritable \u00e0 la mode pour femmes et hommes Vente en ligne avec livraison gratuite et paiement \u00e0 la livraison","og_url":"https:\/\/mondopelle.it\/fr\/tendances-des-sacs-pour-lautomne-hiver\/","og_site_name":"Mondopelle","article_publisher":"https:\/\/www.facebook.com\/mondopelle\/","article_published_time":"2023-08-15T10:09:23+00:00","article_modified_time":"2023-10-09T14:11:11+00:00","og_image":[{"width":1350,"height":1152,"url":"https:\/\/mondopelle.it\/wp-content\/uploads\/2023\/08\/photoroom_20230817_113753-e1692265197410.jpg","type":"image\/jpeg"}],"author":"mondopelle","twitter_card":"summary_large_image","twitter_misc":{"\u00c9crit par":"mondopelle","Dur\u00e9e de lecture estim\u00e9e":"6 minutes"},"schema":{"@context":"https:\/\/schema.org","@graph":[{"@type":"Article","@id":"https:\/\/mondopelle.it\/fr\/tendances-des-sacs-pour-lautomne-hiver\/#article","isPartOf":{"@id":"https:\/\/mondopelle.it\/fr\/tendances-des-sacs-pour-lautomne-hiver\/"},"author":{"name":"mondopelle","@id":"https:\/\/mondopelle.it\/fr\/#\/schema\/person\/5462d4b0518356b4000fb0efe5c87fbf"},"headline":"Tendances des sacs pour l&#8217;automne-hiver","datePublished":"2023-08-15T10:09:23+00:00","dateModified":"2023-10-09T14:11:11+00:00","mainEntityOfPage":{"@id":"https:\/\/mondopelle.it\/fr\/tendances-des-sacs-pour-lautomne-hiver\/"},"wordCount":1278,"publisher":{"@id":"https:\/\/mondopelle.it\/fr\/#organization"},"image":{"@id":"https:\/\/mondopelle.it\/fr\/tendances-des-sacs-pour-lautomne-hiver\/#primaryimage"},"thumbnailUrl":"https:\/\/mondopelle.it\/wp-content\/uploads\/2023\/08\/photoroom_20230817_113753-e1692265197410.jpg","articleSection":["Sacs"],"inLanguage":"fr-FR"},{"@type":"WebPage","@id":"https:\/\/mondopelle.it\/fr\/tendances-des-sacs-pour-lautomne-hiver\/","url":"https:\/\/mondopelle.it\/fr\/tendances-des-sacs-pour-lautomne-hiver\/","name":"Tendances des sacs pour l'automne-hiver - Mondopelle","isPartOf":{"@id":"https:\/\/mondopelle.it\/fr\/#website"},"primaryImageOfPage":{"@id":"https:\/\/mondopelle.it\/fr\/tendances-des-sacs-pour-lautomne-hiver\/#primaryimage"},"image":{"@id":"https:\/\/mondopelle.it\/fr\/tendances-des-sacs-pour-lautomne-hiver\/#primaryimage"},"thumbnailUrl":"https:\/\/mondopelle.it\/wp-content\/uploads\/2023\/08\/photoroom_20230817_113753-e1692265197410.jpg","datePublished":"2023-08-15T10:09:23+00:00","dateModified":"2023-10-09T14:11:11+00:00","description":"Chaussures en cuir v\u00e9ritable \u00e0 la mode pour femmes et hommes Vente en ligne avec livraison gratuite et paiement \u00e0 la livraison","breadcrumb":{"@id":"https:\/\/mondopelle.it\/fr\/tendances-des-sacs-pour-lautomne-hiver\/#breadcrumb"},"inLanguage":"fr-FR","potentialAction":[{"@type":"ReadAction","target":["https:\/\/mondopelle.it\/fr\/tendances-des-sacs-pour-lautomne-hiver\/"]}]},{"@type":"ImageObject","inLanguage":"fr-FR","@id":"https:\/\/mondopelle.it\/fr\/tendances-des-sacs-pour-lautomne-hiver\/#primaryimage","url":"https:\/\/mondopelle.it\/wp-content\/uploads\/2023\/08\/photoroom_20230817_113753-e1692265197410.jpg","contentUrl":"https:\/\/mondopelle.it\/wp-content\/uploads\/2023\/08\/photoroom_20230817_113753-e1692265197410.jpg","width":1350,"height":1152,"caption":"Tendenze borse autunno-inverno"},{"@type":"BreadcrumbList","@id":"https:\/\/mondopelle.it\/fr\/tendances-des-sacs-pour-lautomne-hiver\/#breadcrumb","itemListElement":[{"@type":"ListItem","position":1,"name":"Page d'accueil","item":"https:\/\/mondopelle.it\/fr\/home-new\/"},{"@type":"ListItem","position":2,"name":"Tendances des sacs pour l&#8217;automne-hiver"}]},{"@type":"WebSite","@id":"https:\/\/mondopelle.it\/fr\/#website","url":"https:\/\/mondopelle.it\/fr\/","name":"Mondopelle","description":"","publisher":{"@id":"https:\/\/mondopelle.it\/fr\/#organization"},"potentialAction":[{"@type":"SearchAction","target":{"@type":"EntryPoint","urlTemplate":"https:\/\/mondopelle.it\/fr\/?s={search_term_string}"},"query-input":{"@type":"PropertyValueSpecification","valueRequired":true,"valueName":"search_term_string"}}],"inLanguage":"fr-FR"},{"@type":"Organization","@id":"https:\/\/mondopelle.it\/fr\/#organization","name":"Mondopelle","url":"https:\/\/mondopelle.it\/fr\/","logo":{"@type":"ImageObject","inLanguage":"fr-FR","@id":"https:\/\/mondopelle.it\/fr\/#\/schema\/logo\/image\/","url":"https:\/\/mondopelle.it\/wp-content\/uploads\/2023\/07\/logo_mp-283x55-1.png","contentUrl":"https:\/\/mondopelle.it\/wp-content\/uploads\/2023\/07\/logo_mp-283x55-1.png","width":283,"height":55,"caption":"Mondopelle"},"image":{"@id":"https:\/\/mondopelle.it\/fr\/#\/schema\/logo\/image\/"},"sameAs":["https:\/\/www.facebook.com\/mondopelle\/","https:\/\/www.instagram.com\/mondopelle\/"]},{"@type":"Person","@id":"https:\/\/mondopelle.it\/fr\/#\/schema\/person\/5462d4b0518356b4000fb0efe5c87fbf","name":"mondopelle","sameAs":["https:\/\/mondopelle.it"]}]}},"jetpack_featured_media_url":"https:\/\/mondopelle.it\/wp-content\/uploads\/2023\/08\/photoroom_20230817_113753-e1692265197410.jpg","_links":{"self":[{"href":"https:\/\/mondopelle.it\/fr\/wp-json\/wp\/v2\/posts\/27860","targetHints":{"allow":["GET"]}}],"collection":[{"href":"https:\/\/mondopelle.it\/fr\/wp-json\/wp\/v2\/posts"}],"about":[{"href":"https:\/\/mondopelle.it\/fr\/wp-json\/wp\/v2\/types\/post"}],"author":[{"embeddable":true,"href":"https:\/\/mondopelle.it\/fr\/wp-json\/wp\/v2\/users\/1"}],"replies":[{"embeddable":true,"href":"https:\/\/mondopelle.it\/fr\/wp-json\/wp\/v2\/comments?post=27860"}],"version-history":[{"count":0,"href":"https:\/\/mondopelle.it\/fr\/wp-json\/wp\/v2\/posts\/27860\/revisions"}],"wp:featuredmedia":[{"embeddable":true,"href":"https:\/\/mondopelle.it\/fr\/wp-json\/wp\/v2\/media\/27871"}],"wp:attachment":[{"href":"https:\/\/mondopelle.it\/fr\/wp-json\/wp\/v2\/media?parent=27860"}],"wp:term":[{"taxonomy":"category","embeddable":true,"href":"https:\/\/mondopelle.it\/fr\/wp-json\/wp\/v2\/categories?post=27860"},{"taxonomy":"post_tag","embeddable":true,"href":"https:\/\/mondopelle.it\/fr\/wp-json\/wp\/v2\/tags?post=27860"}],"curies":[{"name":"wp","href":"https:\/\/api.w.org\/{rel}","templated":true}]}}